{"id":6486,"date":"2026-03-31T06:29:57","date_gmt":"2026-03-31T10:29:57","guid":{"rendered":"https:\/\/diarionews.com.br\/?p=6486"},"modified":"2026-04-01T14:34:50","modified_gmt":"2026-04-01T18:34:50","slug":"adolescente-e-morto-em-acao-policial-em-apiacas","status":"publish","type":"post","link":"https:\/\/diarionews.com.br\/?p=6486","title":{"rendered":"Adolescente \u00e9 morto em a\u00e7\u00e3o policial em Apiac\u00e1s"},"content":{"rendered":"\n<p>Uma ocorr\u00eancia registrada na tarde de 30 de mar\u00e7o de 2026 terminou com a morte de um adolescente de 17 anos, durante a\u00e7\u00e3o da Pol\u00edcia Militar em Apiac\u00e1s. O caso aconteceu por volta das 16h, na Rua Aldizyo Azevedo, no bairro Residencial Pastorello, quando a guarni\u00e7\u00e3o realizava patrulhamento ostensivo na regi\u00e3o.<\/p>\n\n\n\n<p>Segundo o boletim de ocorr\u00eancia, o suspeito, identificado como Samuel Alves, vulgo \u201cCapetinha\u201d, foi avistado nos fundos de uma resid\u00eancia e, ao perceber a presen\u00e7a policial, fugiu em dire\u00e7\u00e3o \u00e0 parte frontal do im\u00f3vel. Durante a tentativa de fuga, o jovem sacou um objeto da cintura e pulou o muro de uma resid\u00eancia vizinha, dando in\u00edcio a um cerco policial.<\/p>\n\n\n\n<p>Ao ser localizado atr\u00e1s de uma \u00e1rvore, o adolescente teria apontado uma arma de fogo contra os policiais. Diante da amea\u00e7a, a equipe utilizou o uso progressivo da for\u00e7a, disparando contra o suspeito. Mesmo alvejado, ele persistiu em tentar efetuar disparos, sendo necess\u00e1ria a neutraliza\u00e7\u00e3o imediata. O jovem ainda apresentava sinais vitais, mas n\u00e3o resistiu aos ferimentos e foi confirmado o \u00f3bito no Hospital Municipal de Apiac\u00e1s.<\/p>\n\n\n\n<p>Com o adolescente, foi apreendido um rev\u00f3lver calibre .38, com tr\u00eas muni\u00e7\u00f5es intactas e uma deflagrada. A Pol\u00edcia Judici\u00e1ria Civil e a Per\u00edcia T\u00e9cnica Oficial foram acionadas para os procedimentos legais. Segundo registros policiais, o suspeito possu\u00eda passagens criminais por tr\u00e1fico de drogas e era vinculado \u00e0 fac\u00e7\u00e3o Comando Vermelho, destacando a complexidade das a\u00e7\u00f5es de seguran\u00e7a na regi\u00e3o.<\/p>\n","protected":false},"excerpt":{"rendered":"<p>Uma ocorr\u00eancia registrada na tarde de 30 de mar\u00e7o de 2026 terminou com a morte de um adolescente de 17 anos, durante a\u00e7\u00e3o da Pol\u00edcia Militar em Apiac\u00e1s. O caso aconteceu por volta das 16h, na Rua Aldizyo Azevedo, no bairro Residencial Pastorello, quando a guarni\u00e7\u00e3o realizava patrulhamento ostensivo na regi\u00e3o. Segundo o boletim de [&hellip;]<\/p>\n","protected":false},"author":3,"featured_media":6487,"comment_status":"open","ping_status":"open","sticky":false,"template":"","format":"standard","meta":{"footnotes":""},"categories":[21,14],"tags":[956],"class_list":["post-6486","post","type-post","status-publish","format-standard","has-post-thumbnail","hentry","category-regiao","category-policia","tag-importante"],"_links":{"self":[{"href":"https:\/\/diarionews.com.br\/index.php?rest_route=\/wp\/v2\/posts\/6486","targetHints":{"allow":["GET"]}}],"collection":[{"href":"https:\/\/diarionews.com.br\/index.php?rest_route=\/wp\/v2\/posts"}],"about":[{"href":"https:\/\/diarionews.com.br\/index.php?rest_route=\/wp\/v2\/types\/post"}],"author":[{"embeddable":true,"href":"https:\/\/diarionews.com.br\/index.php?rest_route=\/wp\/v2\/users\/3"}],"replies":[{"embeddable":true,"href":"https:\/\/diarionews.com.br\/index.php?rest_route=%2Fwp%2Fv2%2Fcomments&post=6486"}],"version-history":[{"count":1,"href":"https:\/\/diarionews.com.br\/index.php?rest_route=\/wp\/v2\/posts\/6486\/revisions"}],"predecessor-version":[{"id":6488,"href":"https:\/\/diarionews.com.br\/index.php?rest_route=\/wp\/v2\/posts\/6486\/revisions\/6488"}],"wp:featuredmedia":[{"embeddable":true,"href":"https:\/\/diarionews.com.br\/index.php?rest_route=\/wp\/v2\/media\/6487"}],"wp:attachment":[{"href":"https:\/\/diarionews.com.br\/index.php?rest_route=%2Fwp%2Fv2%2Fmedia&parent=6486"}],"wp:term":[{"taxonomy":"category","embeddable":true,"href":"https:\/\/diarionews.com.br\/index.php?rest_route=%2Fwp%2Fv2%2Fcategories&post=6486"},{"taxonomy":"post_tag","embeddable":true,"href":"https:\/\/diarionews.com.br\/index.php?rest_route=%2Fwp%2Fv2%2Ftags&post=6486"}],"curies":[{"name":"wp","href":"https:\/\/api.w.org\/{rel}","templated":true}]}}