{"id":6484,"date":"2026-03-31T06:25:17","date_gmt":"2026-03-31T10:25:17","guid":{"rendered":"https:\/\/diarionews.com.br\/?p=6484"},"modified":"2026-03-31T06:25:18","modified_gmt":"2026-03-31T10:25:18","slug":"colider-motorista-embriagado-e-detido-apos-dirigir-em-zigue-zague","status":"publish","type":"post","link":"https:\/\/diarionews.com.br\/?p=6484","title":{"rendered":"Colider &#8211; Motorista embriagado \u00e9 detido ap\u00f3s dirigir em zigue-zague"},"content":{"rendered":"\n<p>Uma ocorr\u00eancia de tr\u00e2nsito registrada pela 31\u00aa Companhia de Pol\u00edcia Militar, em Col\u00edder, resultou na deten\u00e7\u00e3o de um homem de 35 anos por conduzir ve\u00edculo sob influ\u00eancia de \u00e1lcool. O caso aconteceu por volta das 17h30, ap\u00f3s den\u00fancia recebida via Copom sobre um autom\u00f3vel que trafegava de forma irregular em via p\u00fablica.<\/p>\n\n\n\n<p>Segundo a pol\u00edcia, a informa\u00e7\u00e3o apontava que uma caminhonete L200, de cor preta, estava sendo conduzida em zigue-zague, colocando em risco outros motoristas e atrapalhando o fluxo de ve\u00edculos. Diante da situa\u00e7\u00e3o, a equipe se deslocou at\u00e9 o local indicado e conseguiu realizar a abordagem do autom\u00f3vel.<\/p>\n\n\n\n<p>Durante a conversa com o condutor, os policiais identificaram sinais claros de embriaguez, como fala arrastada, olhos vermelhos e comportamento agitado. Questionado, o homem confirmou que havia ingerido bebida alco\u00f3lica e apresentou uma garrafa de cacha\u00e7a que estava no banco do passageiro. Ele tamb\u00e9m relatou n\u00e3o possuir Carteira Nacional de Habilita\u00e7\u00e3o e afirmou que tentava aprender a dirigir naquele momento, em plena via p\u00fablica.<\/p>\n\n\n\n<p>Diante dos fatos, o suspeito foi conduzido \u00e0 delegacia para as provid\u00eancias cab\u00edveis e teve o ve\u00edculo encaminhado ao Detran. A equipe policial informou que foi necess\u00e1rio o uso de algemas para garantir a integridade f\u00edsica do pr\u00f3prio condutor e dos agentes envolvidos na ocorr\u00eancia. <\/p>\n","protected":false},"excerpt":{"rendered":"<p>Uma ocorr\u00eancia de tr\u00e2nsito registrada pela 31\u00aa Companhia de Pol\u00edcia Militar, em Col\u00edder, resultou na deten\u00e7\u00e3o de um homem de 35 anos por conduzir ve\u00edculo sob influ\u00eancia de \u00e1lcool. O caso aconteceu por volta das 17h30, ap\u00f3s den\u00fancia recebida via Copom sobre um autom\u00f3vel que trafegava de forma irregular em via p\u00fablica. Segundo a pol\u00edcia, [&hellip;]<\/p>\n","protected":false},"author":3,"featured_media":5097,"comment_status":"open","ping_status":"open","sticky":false,"template":"","format":"standard","meta":{"footnotes":""},"categories":[21,14],"tags":[],"class_list":["post-6484","post","type-post","status-publish","format-standard","has-post-thumbnail","hentry","category-regiao","category-policia"],"_links":{"self":[{"href":"https:\/\/diarionews.com.br\/index.php?rest_route=\/wp\/v2\/posts\/6484","targetHints":{"allow":["GET"]}}],"collection":[{"href":"https:\/\/diarionews.com.br\/index.php?rest_route=\/wp\/v2\/posts"}],"about":[{"href":"https:\/\/diarionews.com.br\/index.php?rest_route=\/wp\/v2\/types\/post"}],"author":[{"embeddable":true,"href":"https:\/\/diarionews.com.br\/index.php?rest_route=\/wp\/v2\/users\/3"}],"replies":[{"embeddable":true,"href":"https:\/\/diarionews.com.br\/index.php?rest_route=%2Fwp%2Fv2%2Fcomments&post=6484"}],"version-history":[{"count":1,"href":"https:\/\/diarionews.com.br\/index.php?rest_route=\/wp\/v2\/posts\/6484\/revisions"}],"predecessor-version":[{"id":6485,"href":"https:\/\/diarionews.com.br\/index.php?rest_route=\/wp\/v2\/posts\/6484\/revisions\/6485"}],"wp:featuredmedia":[{"embeddable":true,"href":"https:\/\/diarionews.com.br\/index.php?rest_route=\/wp\/v2\/media\/5097"}],"wp:attachment":[{"href":"https:\/\/diarionews.com.br\/index.php?rest_route=%2Fwp%2Fv2%2Fmedia&parent=6484"}],"wp:term":[{"taxonomy":"category","embeddable":true,"href":"https:\/\/diarionews.com.br\/index.php?rest_route=%2Fwp%2Fv2%2Fcategories&post=6484"},{"taxonomy":"post_tag","embeddable":true,"href":"https:\/\/diarionews.com.br\/index.php?rest_route=%2Fwp%2Fv2%2Ftags&post=6484"}],"curies":[{"name":"wp","href":"https:\/\/api.w.org\/{rel}","templated":true}]}}