{"id":6481,"date":"2026-03-31T06:23:22","date_gmt":"2026-03-31T10:23:22","guid":{"rendered":"https:\/\/diarionews.com.br\/?p=6481"},"modified":"2026-04-01T14:37:34","modified_gmt":"2026-04-01T18:37:34","slug":"alta-floresta-homem-e-preso-por-exibir-genitalia-proximo-a-dois-colegios","status":"publish","type":"post","link":"https:\/\/diarionews.com.br\/?p=6481","title":{"rendered":"Alta Floresta &#8211; Homem \u00e9 preso por exibir genit\u00e1lia pr\u00f3ximo a dois col\u00e9gios"},"content":{"rendered":"\n<p>Uma ocorr\u00eancia de ato obsceno mobilizou a Pol\u00edcia Militar na manh\u00e3 do dia 30 de mar\u00e7o de 2026, na regi\u00e3o central de Alta Floresta. O caso foi registrado por volta das 9h10 e resultou na condu\u00e7\u00e3o de um homem de 27 anos, ap\u00f3s den\u00fancias feitas por testemunhas e pessoas que passavam pelo local.<\/p>\n\n\n\n<p>De acordo com informa\u00e7\u00f5es do 8\u00ba Batalh\u00e3o da Pol\u00edcia Militar, a guarni\u00e7\u00e3o foi acionada via Copom depois que populares relataram a presen\u00e7a de um indiv\u00edduo sentado na cal\u00e7ada com a genit\u00e1lia exposta. A situa\u00e7\u00e3o foi registrada em frente \u00e0 loja M\u00f3veis Benetti, na Avenida Ludovico da Riva, uma das vias mais movimentadas da cidade.  <\/p>\n\n\n\n<p>Ao chegar ao endere\u00e7o indicado, os policiais confirmaram a veracidade da den\u00fancia. O suspeito foi abordado no local e, diante das circunst\u00e2ncias, recebeu voz de condu\u00e7\u00e3o. A ocorr\u00eancia foi formalizada por meio de boletim, conforme os procedimentos padr\u00e3o adotados pelas for\u00e7as de seguran\u00e7a.<\/p>\n\n\n\n<p>Ainda segundo a pol\u00edcia, um dos fatores que agravaram a situa\u00e7\u00e3o foi a proximidade do local com o Col\u00e9gio Presbiteriana, \u00e1rea com grande circula\u00e7\u00e3o de crian\u00e7as e adolescentes. Nas proximidades tamb\u00e9m fica a escola Estadual Marin\u00eas Teixeira. Diante disso, a equipe considerou necess\u00e1ria a r\u00e1pida interven\u00e7\u00e3o para preservar a ordem p\u00fablica e evitar maior exposi\u00e7\u00e3o indevida, encaminhando o suspeito para as provid\u00eancias cab\u00edveis.<\/p>\n","protected":false},"excerpt":{"rendered":"<p>Uma ocorr\u00eancia de ato obsceno mobilizou a Pol\u00edcia Militar na manh\u00e3 do dia 30 de mar\u00e7o de 2026, na regi\u00e3o central de Alta Floresta. O caso foi registrado por volta das 9h10 e resultou na condu\u00e7\u00e3o de um homem de 27 anos, ap\u00f3s den\u00fancias feitas por testemunhas e pessoas que passavam pelo local. De acordo [&hellip;]<\/p>\n","protected":false},"author":3,"featured_media":6482,"comment_status":"open","ping_status":"open","sticky":false,"template":"","format":"standard","meta":{"footnotes":""},"categories":[14],"tags":[956],"class_list":["post-6481","post","type-post","status-publish","format-standard","has-post-thumbnail","hentry","category-policia","tag-importante"],"_links":{"self":[{"href":"https:\/\/diarionews.com.br\/index.php?rest_route=\/wp\/v2\/posts\/6481","targetHints":{"allow":["GET"]}}],"collection":[{"href":"https:\/\/diarionews.com.br\/index.php?rest_route=\/wp\/v2\/posts"}],"about":[{"href":"https:\/\/diarionews.com.br\/index.php?rest_route=\/wp\/v2\/types\/post"}],"author":[{"embeddable":true,"href":"https:\/\/diarionews.com.br\/index.php?rest_route=\/wp\/v2\/users\/3"}],"replies":[{"embeddable":true,"href":"https:\/\/diarionews.com.br\/index.php?rest_route=%2Fwp%2Fv2%2Fcomments&post=6481"}],"version-history":[{"count":1,"href":"https:\/\/diarionews.com.br\/index.php?rest_route=\/wp\/v2\/posts\/6481\/revisions"}],"predecessor-version":[{"id":6483,"href":"https:\/\/diarionews.com.br\/index.php?rest_route=\/wp\/v2\/posts\/6481\/revisions\/6483"}],"wp:featuredmedia":[{"embeddable":true,"href":"https:\/\/diarionews.com.br\/index.php?rest_route=\/wp\/v2\/media\/6482"}],"wp:attachment":[{"href":"https:\/\/diarionews.com.br\/index.php?rest_route=%2Fwp%2Fv2%2Fmedia&parent=6481"}],"wp:term":[{"taxonomy":"category","embeddable":true,"href":"https:\/\/diarionews.com.br\/index.php?rest_route=%2Fwp%2Fv2%2Fcategories&post=6481"},{"taxonomy":"post_tag","embeddable":true,"href":"https:\/\/diarionews.com.br\/index.php?rest_route=%2Fwp%2Fv2%2Ftags&post=6481"}],"curies":[{"name":"wp","href":"https:\/\/api.w.org\/{rel}","templated":true}]}}