{"id":6479,"date":"2026-03-31T06:06:39","date_gmt":"2026-03-31T10:06:39","guid":{"rendered":"https:\/\/diarionews.com.br\/?p=6479"},"modified":"2026-04-01T14:38:49","modified_gmt":"2026-04-01T18:38:49","slug":"moraes-manda-cobrar-r-700-milhoes-por-atos-em-mato-grosso","status":"publish","type":"post","link":"https:\/\/diarionews.com.br\/?p=6479","title":{"rendered":"Moraes manda cobrar R$ 700 milh\u00f5es por atos em Mato Grosso"},"content":{"rendered":"\n<p>O ministro Alexandre de Moraes, do Supremo Tribunal Federal, determinou a execu\u00e7\u00e3o de multas contra pessoas f\u00edsicas e empresas envolvidas em atos antidemocr\u00e1ticos registrados ap\u00f3s as elei\u00e7\u00f5es de 2022. A decis\u00e3o atinge participantes de bloqueios em rodovias federais, realizados em protesto contra o resultado eleitoral, e marca o in\u00edcio da fase de cobran\u00e7a efetiva dos valores definidos pela Corte. <\/p>\n\n\n\n<p>No total, as penalidades chegam a cerca de R$ 7 bilh\u00f5es em todo o pa\u00eds, sendo aproximadamente R$ 700 milh\u00f5es apenas em Mato Grosso. A responsabilidade pela cobran\u00e7a foi delegada a ju\u00edzes federais, que devem conduzir os processos conforme o domic\u00edlio dos devedores. Entre os casos mais expressivos est\u00e1 o de um empres\u00e1rio do setor metal\u00fargico, em Nova Mutum, multado em cerca de R$ 147 milh\u00f5es.<\/p>\n\n\n\n<p>As multas foram aplicadas a partir do descumprimento de decis\u00f5es judiciais que determinavam a desobstru\u00e7\u00e3o imediata de rodovias e espa\u00e7os p\u00fablicos. Segundo os processos, houve participa\u00e7\u00e3o direta e tamb\u00e9m apoio log\u00edstico aos bloqueios, o que incluiu financiamento e uso de ve\u00edculos para impedir a circula\u00e7\u00e3o. As penalidades chegaram a prever valores de pelo menos R$ 100 mil por ve\u00edculo envolvido, podendo aumentar conforme o tempo de interdi\u00e7\u00e3o.<\/p>\n\n\n\n<p>Em Mato Grosso, os bloqueios ocorreram em diversos munic\u00edpios, incluindo Alta Floresta, al\u00e9m de cidades como Sinop, Sorriso e Cuiab\u00e1. Mais de cem ve\u00edculos, em sua maioria caminh\u00f5es, foram utilizados nas interdi\u00e7\u00f5es, evidenciando organiza\u00e7\u00e3o e capacidade log\u00edstica dos envolvidos. Para o STF, essas a\u00e7\u00f5es representaram afronta \u00e0 democracia e ao direito de locomo\u00e7\u00e3o da popula\u00e7\u00e3o. <\/p>\n\n\n\n<p>Com a decis\u00e3o, o Supremo encerra a fase de defini\u00e7\u00e3o das multas e inicia a execu\u00e7\u00e3o dos valores. Eventuais contesta\u00e7\u00f5es dever\u00e3o ser feitas diretamente na Justi\u00e7a Federal, sem possibilidade de reabrir o m\u00e9rito j\u00e1 julgado pela Corte, consolidando assim a responsabiliza\u00e7\u00e3o dos participantes dos atos.<\/p>\n","protected":false},"excerpt":{"rendered":"<p>O ministro Alexandre de Moraes, do Supremo Tribunal Federal, determinou a execu\u00e7\u00e3o de multas contra pessoas f\u00edsicas e empresas envolvidas em atos antidemocr\u00e1ticos registrados ap\u00f3s as elei\u00e7\u00f5es de 2022. A decis\u00e3o atinge participantes de bloqueios em rodovias federais, realizados em protesto contra o resultado eleitoral, e marca o in\u00edcio da fase de cobran\u00e7a efetiva dos [&hellip;]<\/p>\n","protected":false},"author":3,"featured_media":2203,"comment_status":"open","ping_status":"open","sticky":false,"template":"","format":"standard","meta":{"footnotes":""},"categories":[12],"tags":[956],"class_list":["post-6479","post","type-post","status-publish","format-standard","has-post-thumbnail","hentry","category-nacionais","tag-importante"],"_links":{"self":[{"href":"https:\/\/diarionews.com.br\/index.php?rest_route=\/wp\/v2\/posts\/6479","targetHints":{"allow":["GET"]}}],"collection":[{"href":"https:\/\/diarionews.com.br\/index.php?rest_route=\/wp\/v2\/posts"}],"about":[{"href":"https:\/\/diarionews.com.br\/index.php?rest_route=\/wp\/v2\/types\/post"}],"author":[{"embeddable":true,"href":"https:\/\/diarionews.com.br\/index.php?rest_route=\/wp\/v2\/users\/3"}],"replies":[{"embeddable":true,"href":"https:\/\/diarionews.com.br\/index.php?rest_route=%2Fwp%2Fv2%2Fcomments&post=6479"}],"version-history":[{"count":1,"href":"https:\/\/diarionews.com.br\/index.php?rest_route=\/wp\/v2\/posts\/6479\/revisions"}],"predecessor-version":[{"id":6480,"href":"https:\/\/diarionews.com.br\/index.php?rest_route=\/wp\/v2\/posts\/6479\/revisions\/6480"}],"wp:featuredmedia":[{"embeddable":true,"href":"https:\/\/diarionews.com.br\/index.php?rest_route=\/wp\/v2\/media\/2203"}],"wp:attachment":[{"href":"https:\/\/diarionews.com.br\/index.php?rest_route=%2Fwp%2Fv2%2Fmedia&parent=6479"}],"wp:term":[{"taxonomy":"category","embeddable":true,"href":"https:\/\/diarionews.com.br\/index.php?rest_route=%2Fwp%2Fv2%2Fcategories&post=6479"},{"taxonomy":"post_tag","embeddable":true,"href":"https:\/\/diarionews.com.br\/index.php?rest_route=%2Fwp%2Fv2%2Ftags&post=6479"}],"curies":[{"name":"wp","href":"https:\/\/api.w.org\/{rel}","templated":true}]}}