{"id":6373,"date":"2026-03-27T17:22:22","date_gmt":"2026-03-27T21:22:22","guid":{"rendered":"https:\/\/diarionews.com.br\/?p=6373"},"modified":"2026-04-01T14:41:14","modified_gmt":"2026-04-01T18:41:14","slug":"governador-inaugura-hospital-estadual-em-alta-floresta","status":"publish","type":"post","link":"https:\/\/diarionews.com.br\/?p=6373","title":{"rendered":"Governador inaugura hospital estadual em Alta Floresta"},"content":{"rendered":"\n<p>O governador Mauro Mendes inaugurou, nesta quinta-feira (26), o Hospital Estadual do Alto Tapaj\u00f3s, em Alta Floresta. A nova unidade de sa\u00fade chega como um importante refor\u00e7o para o atendimento m\u00e9dico na regi\u00e3o, ampliando a capacidade de assist\u00eancia e oferecendo novos servi\u00e7os \u00e0 popula\u00e7\u00e3o local.<\/p>\n\n\n\n<figure class=\"wp-block-image size-large\"><img loading=\"lazy\" decoding=\"async\" width=\"768\" height=\"1024\" src=\"https:\/\/diarionews.com.br\/wp-content\/uploads\/2026\/03\/WhatsApp-Image-2026-03-27-at-17.19.58-768x1024.jpeg\" alt=\"\" class=\"wp-image-6375\" srcset=\"https:\/\/diarionews.com.br\/wp-content\/uploads\/2026\/03\/WhatsApp-Image-2026-03-27-at-17.19.58-768x1024.jpeg 768w, https:\/\/diarionews.com.br\/wp-content\/uploads\/2026\/03\/WhatsApp-Image-2026-03-27-at-17.19.58-225x300.jpeg 225w, https:\/\/diarionews.com.br\/wp-content\/uploads\/2026\/03\/WhatsApp-Image-2026-03-27-at-17.19.58-315x420.jpeg 315w, https:\/\/diarionews.com.br\/wp-content\/uploads\/2026\/03\/WhatsApp-Image-2026-03-27-at-17.19.58-150x200.jpeg 150w, https:\/\/diarionews.com.br\/wp-content\/uploads\/2026\/03\/WhatsApp-Image-2026-03-27-at-17.19.58-300x400.jpeg 300w, https:\/\/diarionews.com.br\/wp-content\/uploads\/2026\/03\/WhatsApp-Image-2026-03-27-at-17.19.58-696x928.jpeg 696w, https:\/\/diarionews.com.br\/wp-content\/uploads\/2026\/03\/WhatsApp-Image-2026-03-27-at-17.19.58.jpeg 960w\" sizes=\"auto, (max-width: 768px) 100vw, 768px\" \/><\/figure>\n\n\n\n<p>Durante a cerim\u00f4nia, o governador destacou o sentimento de orgulho pela entrega do hospital, enfatizando o impacto positivo que a estrutura ter\u00e1 na vida das pessoas. Segundo ele, a unidade representa um marco na hist\u00f3ria da sa\u00fade regional, com potencial para salvar in\u00fameras vidas e reduzir o sofrimento de pacientes e familiares.<\/p>\n\n\n\n<p>Mauro Mendes tamb\u00e9m fez quest\u00e3o de reconhecer o trabalho desenvolvido pela equipe da Secretaria de Sa\u00fade e pelos servidores p\u00fablicos envolvidos no projeto. Ele ressaltou que o esfor\u00e7o coletivo ao longo dos \u00faltimos anos foi fundamental para que a obra se tornasse realidade, beneficiando diretamente a popula\u00e7\u00e3o de Alta Floresta e munic\u00edpios vizinhos.<\/p>\n\n\n\n<p>\u201c\u00c9 um orgulho fazer parte desse momento, dessa hist\u00f3ria que vai durar durante muito tempo. Tenho certeza que todos n\u00f3s vamos nos orgulhar de tantas e tantas vidas que ser\u00e3o salvas aqui, principalmente de tantas dores que ser\u00e3o aliviadas nesta nova unidade\u201d, afirmou o governador durante o evento de inaugura\u00e7\u00e3o.<\/p>\n\n\n\n<p>A estrutura recebeu o investimento total de R$ 205 milh\u00f5es e conta com 18 mil m\u00b2 de \u00e1rea constru\u00edda. Do total de leitos de UTI, 20 s\u00e3o para adultos, 10 s\u00e3o de UTI pedi\u00e1trica e 10 de UCI pedi\u00e1trica.<\/p>\n\n\n\n<p>O prefeito de Alta Floresta, Chico Gamba, considera que a entrega do hospital leva para o interior um atendimento de sa\u00fade ao n\u00edvel da capital.<\/p>\n\n\n\n<p>\u201cE com esse hospital aqui a gente vai diminuir essa correria, esse desconforto das pessoas que precisam de atendimento m\u00e9dico. N\u00e3o teria um presente melhor que o Governo do Estado poderia dar para Alta Floresta do que um hospital desse porte, que \u00e9 um cuidado com a sa\u00fade que n\u00f3s teremos aqui dessa magnitude e que est\u00e1 ao n\u00edvel da Capital\u201d, disse.<\/p>\n\n\n\n<p>Com estrutura moderna e tecnologia de ponta, o Hospital Estadual do Alto Tapaj\u00f3s funcionar\u00e1 como a refer\u00eancia para a regi\u00e3o.&nbsp;<\/p>\n\n\n\n<figure class=\"wp-block-video\"><video controls src=\"https:\/\/diarionews.com.br\/wp-content\/uploads\/2026\/03\/WhatsApp-Video-2026-03-27-at-17.19.35.mp4\"><\/video><\/figure>\n","protected":false},"excerpt":{"rendered":"<p>O governador Mauro Mendes inaugurou, nesta quinta-feira (26), o Hospital Estadual do Alto Tapaj\u00f3s, em Alta Floresta. A nova unidade de sa\u00fade chega como um importante refor\u00e7o para o atendimento m\u00e9dico na regi\u00e3o, ampliando a capacidade de assist\u00eancia e oferecendo novos servi\u00e7os \u00e0 popula\u00e7\u00e3o local. Durante a cerim\u00f4nia, o governador destacou o sentimento de orgulho [&hellip;]<\/p>\n","protected":false},"author":1,"featured_media":6374,"comment_status":"open","ping_status":"open","sticky":false,"template":"","format":"standard","meta":{"footnotes":""},"categories":[2],"tags":[89,1657,956],"class_list":["post-6373","post","type-post","status-publish","format-standard","has-post-thumbnail","hentry","category-saude","tag-altafloresta","tag-hospital-estadual-alto-do-tapajos","tag-importante"],"_links":{"self":[{"href":"https:\/\/diarionews.com.br\/index.php?rest_route=\/wp\/v2\/posts\/6373","targetHints":{"allow":["GET"]}}],"collection":[{"href":"https:\/\/diarionews.com.br\/index.php?rest_route=\/wp\/v2\/posts"}],"about":[{"href":"https:\/\/diarionews.com.br\/index.php?rest_route=\/wp\/v2\/types\/post"}],"author":[{"embeddable":true,"href":"https:\/\/diarionews.com.br\/index.php?rest_route=\/wp\/v2\/users\/1"}],"replies":[{"embeddable":true,"href":"https:\/\/diarionews.com.br\/index.php?rest_route=%2Fwp%2Fv2%2Fcomments&post=6373"}],"version-history":[{"count":1,"href":"https:\/\/diarionews.com.br\/index.php?rest_route=\/wp\/v2\/posts\/6373\/revisions"}],"predecessor-version":[{"id":6377,"href":"https:\/\/diarionews.com.br\/index.php?rest_route=\/wp\/v2\/posts\/6373\/revisions\/6377"}],"wp:featuredmedia":[{"embeddable":true,"href":"https:\/\/diarionews.com.br\/index.php?rest_route=\/wp\/v2\/media\/6374"}],"wp:attachment":[{"href":"https:\/\/diarionews.com.br\/index.php?rest_route=%2Fwp%2Fv2%2Fmedia&parent=6373"}],"wp:term":[{"taxonomy":"category","embeddable":true,"href":"https:\/\/diarionews.com.br\/index.php?rest_route=%2Fwp%2Fv2%2Fcategories&post=6373"},{"taxonomy":"post_tag","embeddable":true,"href":"https:\/\/diarionews.com.br\/index.php?rest_route=%2Fwp%2Fv2%2Ftags&post=6373"}],"curies":[{"name":"wp","href":"https:\/\/api.w.org\/{rel}","templated":true}]}}