{"id":6179,"date":"2026-03-24T06:59:25","date_gmt":"2026-03-24T10:59:25","guid":{"rendered":"https:\/\/diarionews.com.br\/?p=6179"},"modified":"2026-03-24T06:59:26","modified_gmt":"2026-03-24T10:59:26","slug":"acidente-entre-caminhao-e-trator-causa-danos-na-mt-208-em-paranaita","status":"publish","type":"post","link":"https:\/\/diarionews.com.br\/?p=6179","title":{"rendered":"Acidente entre caminh\u00e3o e trator causa danos na MT-208 em Parana\u00edta"},"content":{"rendered":"\n<p>Na manh\u00e3 de ter\u00e7a-feira, 23 de mar\u00e7o de 2026, a Pol\u00edcia Militar do 3\u00ba Pelot\u00e3o de Parana\u00edta registrou um acidente de tr\u00e2nsito na MT-208, no km 52, envolvendo um caminh\u00e3o e um trator. O boletim de ocorr\u00eancia foi registrado online na Delegacia de Pol\u00edcia local, e n\u00e3o houve feridos entre os condutores.<\/p>\n\n\n\n<p>Segundo relatos, o caminh\u00e3o VW 24.280 seguia de Apiac\u00e1s em dire\u00e7\u00e3o a Parana\u00edta quando colidiu com o trator Case Farmall 80, que trafegava no mesmo sentido. O condutor do caminh\u00e3o afirmou que n\u00e3o conseguiu frear a tempo de evitar a colis\u00e3o. O operador do trator confirmou que seguia pela pista sentido Parana\u00edta quando ocorreu o impacto.<\/p>\n\n\n\n<p>A equipe da Pol\u00edcia Militar permaneceu no local at\u00e9 a remo\u00e7\u00e3o dos ve\u00edculos, garantindo a seguran\u00e7a e controlando o tr\u00e2nsito, que ficou parcialmente interrompido devido ao acidente. N\u00e3o houve necessidade de atendimento m\u00e9dico, j\u00e1 que ambos os condutores sa\u00edram ilesos.<\/p>\n\n\n\n<p>O registro do caso refor\u00e7a a import\u00e2ncia da aten\u00e7\u00e3o ao tr\u00e1fego de ve\u00edculos pesados nas rodovias da regi\u00e3o e a atua\u00e7\u00e3o r\u00e1pida da Pol\u00edcia Militar de Parana\u00edta para evitar complica\u00e7\u00f5es maiores. <\/p>\n\n\n\n<p><\/p>\n","protected":false},"excerpt":{"rendered":"<p>Na manh\u00e3 de ter\u00e7a-feira, 23 de mar\u00e7o de 2026, a Pol\u00edcia Militar do 3\u00ba Pelot\u00e3o de Parana\u00edta registrou um acidente de tr\u00e2nsito na MT-208, no km 52, envolvendo um caminh\u00e3o e um trator. O boletim de ocorr\u00eancia foi registrado online na Delegacia de Pol\u00edcia local, e n\u00e3o houve feridos entre os condutores. Segundo relatos, o [&hellip;]<\/p>\n","protected":false},"author":3,"featured_media":6180,"comment_status":"open","ping_status":"open","sticky":false,"template":"","format":"standard","meta":{"footnotes":""},"categories":[21],"tags":[],"class_list":["post-6179","post","type-post","status-publish","format-standard","has-post-thumbnail","hentry","category-regiao"],"_links":{"self":[{"href":"https:\/\/diarionews.com.br\/index.php?rest_route=\/wp\/v2\/posts\/6179","targetHints":{"allow":["GET"]}}],"collection":[{"href":"https:\/\/diarionews.com.br\/index.php?rest_route=\/wp\/v2\/posts"}],"about":[{"href":"https:\/\/diarionews.com.br\/index.php?rest_route=\/wp\/v2\/types\/post"}],"author":[{"embeddable":true,"href":"https:\/\/diarionews.com.br\/index.php?rest_route=\/wp\/v2\/users\/3"}],"replies":[{"embeddable":true,"href":"https:\/\/diarionews.com.br\/index.php?rest_route=%2Fwp%2Fv2%2Fcomments&post=6179"}],"version-history":[{"count":1,"href":"https:\/\/diarionews.com.br\/index.php?rest_route=\/wp\/v2\/posts\/6179\/revisions"}],"predecessor-version":[{"id":6181,"href":"https:\/\/diarionews.com.br\/index.php?rest_route=\/wp\/v2\/posts\/6179\/revisions\/6181"}],"wp:featuredmedia":[{"embeddable":true,"href":"https:\/\/diarionews.com.br\/index.php?rest_route=\/wp\/v2\/media\/6180"}],"wp:attachment":[{"href":"https:\/\/diarionews.com.br\/index.php?rest_route=%2Fwp%2Fv2%2Fmedia&parent=6179"}],"wp:term":[{"taxonomy":"category","embeddable":true,"href":"https:\/\/diarionews.com.br\/index.php?rest_route=%2Fwp%2Fv2%2Fcategories&post=6179"},{"taxonomy":"post_tag","embeddable":true,"href":"https:\/\/diarionews.com.br\/index.php?rest_route=%2Fwp%2Fv2%2Ftags&post=6179"}],"curies":[{"name":"wp","href":"https:\/\/api.w.org\/{rel}","templated":true}]}}