{"id":6173,"date":"2026-03-24T07:45:00","date_gmt":"2026-03-24T11:45:00","guid":{"rendered":"https:\/\/diarionews.com.br\/?p=6173"},"modified":"2026-04-01T14:45:27","modified_gmt":"2026-04-01T18:45:27","slug":"tinha-ate-um-pe-de-maconha-jovens-sao-detidos-por-trafico-e-corrupcao-de-menor-em-colider","status":"publish","type":"post","link":"https:\/\/diarionews.com.br\/?p=6173","title":{"rendered":"Tinha at\u00e9 um p\u00e9 de maconha: Jovens s\u00e3o detidos por tr\u00e1fico e corrup\u00e7\u00e3o de menor em Col\u00edder"},"content":{"rendered":"\n<p>Na tarde de segunda-feira, 23 de mar\u00e7o de 2026, a Pol\u00edcia Militar da 31\u00aa Companhia de Col\u00edder atendeu den\u00fancia sobre movimenta\u00e7\u00e3o suspeita em uma resid\u00eancia localizada na Travessa Universit\u00e1ria, no centro da cidade. Vizinhos relataram intenso fluxo de pessoas em hor\u00e1rios distintos e forte odor de entorpecentes vindo do local, motivando averigua\u00e7\u00e3o pelas autoridades.<\/p>\n\n\n\n<p>Ao chegarem \u00e0 resid\u00eancia, os policiais identificaram um p\u00e9 de planta semelhante \u00e0 maconha na lateral da casa. Durante a abordagem, foram encontrados diversos itens relacionados ao tr\u00e1fico, incluindo balan\u00e7as de precis\u00e3o, dinheiro, maconha, coca\u00edna, embalagens para venda, celulares, um simulacro de pistola e 10 muni\u00e7\u00f5es de calibre 9 mm.<\/p>\n\n\n\n<p>Na resid\u00eancia estavam dois suspeitos: um homem de 19 anos, que confessou ter adquirido a droga com inten\u00e7\u00e3o de comercializa\u00e7\u00e3o, e uma adolescente de 16 anos. Ambos foram detidos e conduzidos \u00e0 Delegacia de Pol\u00edcia Civil juntamente com todo o material apreendido, para registro do boletim de ocorr\u00eancia e demais provid\u00eancias legais.<\/p>\n\n\n\n<p><\/p>\n","protected":false},"excerpt":{"rendered":"<p>Na tarde de segunda-feira, 23 de mar\u00e7o de 2026, a Pol\u00edcia Militar da 31\u00aa Companhia de Col\u00edder atendeu den\u00fancia sobre movimenta\u00e7\u00e3o suspeita em uma resid\u00eancia localizada na Travessa Universit\u00e1ria, no centro da cidade. Vizinhos relataram intenso fluxo de pessoas em hor\u00e1rios distintos e forte odor de entorpecentes vindo do local, motivando averigua\u00e7\u00e3o pelas autoridades. Ao [&hellip;]<\/p>\n","protected":false},"author":3,"featured_media":6174,"comment_status":"open","ping_status":"open","sticky":false,"template":"","format":"standard","meta":{"footnotes":""},"categories":[21,14],"tags":[93,1254,1182,956,718,1528],"class_list":["post-6173","post","type-post","status-publish","format-standard","has-post-thumbnail","hentry","category-regiao","category-policia","tag-policiamilitar","tag-colider-3","tag-cultivo-de-cannabis","tag-importante","tag-matogrosso","tag-trafico-3"],"_links":{"self":[{"href":"https:\/\/diarionews.com.br\/index.php?rest_route=\/wp\/v2\/posts\/6173","targetHints":{"allow":["GET"]}}],"collection":[{"href":"https:\/\/diarionews.com.br\/index.php?rest_route=\/wp\/v2\/posts"}],"about":[{"href":"https:\/\/diarionews.com.br\/index.php?rest_route=\/wp\/v2\/types\/post"}],"author":[{"embeddable":true,"href":"https:\/\/diarionews.com.br\/index.php?rest_route=\/wp\/v2\/users\/3"}],"replies":[{"embeddable":true,"href":"https:\/\/diarionews.com.br\/index.php?rest_route=%2Fwp%2Fv2%2Fcomments&post=6173"}],"version-history":[{"count":1,"href":"https:\/\/diarionews.com.br\/index.php?rest_route=\/wp\/v2\/posts\/6173\/revisions"}],"predecessor-version":[{"id":6175,"href":"https:\/\/diarionews.com.br\/index.php?rest_route=\/wp\/v2\/posts\/6173\/revisions\/6175"}],"wp:featuredmedia":[{"embeddable":true,"href":"https:\/\/diarionews.com.br\/index.php?rest_route=\/wp\/v2\/media\/6174"}],"wp:attachment":[{"href":"https:\/\/diarionews.com.br\/index.php?rest_route=%2Fwp%2Fv2%2Fmedia&parent=6173"}],"wp:term":[{"taxonomy":"category","embeddable":true,"href":"https:\/\/diarionews.com.br\/index.php?rest_route=%2Fwp%2Fv2%2Fcategories&post=6173"},{"taxonomy":"post_tag","embeddable":true,"href":"https:\/\/diarionews.com.br\/index.php?rest_route=%2Fwp%2Fv2%2Ftags&post=6173"}],"curies":[{"name":"wp","href":"https:\/\/api.w.org\/{rel}","templated":true}]}}