{"id":6114,"date":"2026-03-23T06:35:29","date_gmt":"2026-03-23T10:35:29","guid":{"rendered":"https:\/\/diarionews.com.br\/?p=6114"},"modified":"2026-03-23T06:35:31","modified_gmt":"2026-03-23T10:35:31","slug":"suspeito-e-detido-em-ocorrencia-com-multiplas-denuncias-em-alta-floresta","status":"publish","type":"post","link":"https:\/\/diarionews.com.br\/?p=6114","title":{"rendered":"Suspeito \u00e9 detido em ocorr\u00eancia com m\u00faltiplas den\u00fancias em Alta Floresta"},"content":{"rendered":"\n<p>Uma ocorr\u00eancia registrada no dia 22 de mar\u00e7o de 2026, por volta das 10h30, mobilizou a Pol\u00edcia Militar no bairro Boa Nova 3, em Alta Floresta, envolvendo diferentes den\u00fancias e a condu\u00e7\u00e3o de um suspeito \u00e0 delegacia. O caso foi atendido por uma guarni\u00e7\u00e3o que inicialmente foi acionada para verificar a presen\u00e7a de um homem escondido debaixo de uma carreta.<\/p>\n\n\n\n<p>No local, o propriet\u00e1rio do ve\u00edculo informou aos policiais que encontrou o indiv\u00edduo sob a carreta, sem saber explicar o motivo da presen\u00e7a dele naquele ponto. Durante o atendimento, uma segunda testemunha relatou que, na regi\u00e3o, estavam ocorrendo situa\u00e7\u00f5es envolvendo um homem que estaria expondo suas partes \u00edntimas em via p\u00fablica.<\/p>\n\n\n\n<p>Diante das informa\u00e7\u00f5es, a equipe policial se deslocou at\u00e9 o endere\u00e7o indicado, onde manteve contato com uma mulher de 34 anos e uma v\u00edtima menor de idade, de 11 anos. Ambas relataram que o indiv\u00edduo mencionado nas den\u00fancias n\u00e3o era o mesmo inicialmente localizado sob a carreta. Ainda assim, reconheceram o suspeito como sendo o homem que tentou invadir a resid\u00eancia delas, momento em que ele fugiu do local.<\/p>\n\n\n\n<p>Segundo as informa\u00e7\u00f5es colhidas, o autor da tentativa de invas\u00e3o estaria utilizando uma motoneta Honda Biz de cor cinza e conseguiu evadir-se tomando rumo ignorado. J\u00e1 o homem encontrado debaixo da carreta afirmou que teria se escondido ap\u00f3s alegar que um ve\u00edculo VW Gol branco tentou atropel\u00e1-lo, motivo pelo qual abandonou sua bicicleta e procurou abrigo.<\/p>\n\n\n\n<p>Diante dos fatos, o suspeito inicialmente localizado foi conduzido, sem les\u00f5es corporais, at\u00e9 a Delegacia de Pol\u00edcia Judici\u00e1ria Civil para as provid\u00eancias cab\u00edveis. A ocorr\u00eancia resultou no registro de boletim e segue sob an\u00e1lise das autoridades, em um caso que envolveu diferentes relatos e situa\u00e7\u00f5es no mesmo bairro em Alta Floresta.<\/p>\n","protected":false},"excerpt":{"rendered":"<p>Uma ocorr\u00eancia registrada no dia 22 de mar\u00e7o de 2026, por volta das 10h30, mobilizou a Pol\u00edcia Militar no bairro Boa Nova 3, em Alta Floresta, envolvendo diferentes den\u00fancias e a condu\u00e7\u00e3o de um suspeito \u00e0 delegacia. O caso foi atendido por uma guarni\u00e7\u00e3o que inicialmente foi acionada para verificar a presen\u00e7a de um homem [&hellip;]<\/p>\n","protected":false},"author":3,"featured_media":6115,"comment_status":"open","ping_status":"open","sticky":false,"template":"","format":"standard","meta":{"footnotes":""},"categories":[14],"tags":[89,93,956],"class_list":["post-6114","post","type-post","status-publish","format-standard","has-post-thumbnail","hentry","category-policia","tag-altafloresta","tag-policiamilitar","tag-importante"],"_links":{"self":[{"href":"https:\/\/diarionews.com.br\/index.php?rest_route=\/wp\/v2\/posts\/6114","targetHints":{"allow":["GET"]}}],"collection":[{"href":"https:\/\/diarionews.com.br\/index.php?rest_route=\/wp\/v2\/posts"}],"about":[{"href":"https:\/\/diarionews.com.br\/index.php?rest_route=\/wp\/v2\/types\/post"}],"author":[{"embeddable":true,"href":"https:\/\/diarionews.com.br\/index.php?rest_route=\/wp\/v2\/users\/3"}],"replies":[{"embeddable":true,"href":"https:\/\/diarionews.com.br\/index.php?rest_route=%2Fwp%2Fv2%2Fcomments&post=6114"}],"version-history":[{"count":1,"href":"https:\/\/diarionews.com.br\/index.php?rest_route=\/wp\/v2\/posts\/6114\/revisions"}],"predecessor-version":[{"id":6116,"href":"https:\/\/diarionews.com.br\/index.php?rest_route=\/wp\/v2\/posts\/6114\/revisions\/6116"}],"wp:featuredmedia":[{"embeddable":true,"href":"https:\/\/diarionews.com.br\/index.php?rest_route=\/wp\/v2\/media\/6115"}],"wp:attachment":[{"href":"https:\/\/diarionews.com.br\/index.php?rest_route=%2Fwp%2Fv2%2Fmedia&parent=6114"}],"wp:term":[{"taxonomy":"category","embeddable":true,"href":"https:\/\/diarionews.com.br\/index.php?rest_route=%2Fwp%2Fv2%2Fcategories&post=6114"},{"taxonomy":"post_tag","embeddable":true,"href":"https:\/\/diarionews.com.br\/index.php?rest_route=%2Fwp%2Fv2%2Ftags&post=6114"}],"curies":[{"name":"wp","href":"https:\/\/api.w.org\/{rel}","templated":true}]}}