{"id":6109,"date":"2026-03-23T06:24:54","date_gmt":"2026-03-23T10:24:54","guid":{"rendered":"https:\/\/diarionews.com.br\/?p=6109"},"modified":"2026-03-23T06:24:55","modified_gmt":"2026-03-23T10:24:55","slug":"queda-de-motociclista-deixa-danos-e-ferimentos-em-alta-floresta","status":"publish","type":"post","link":"https:\/\/diarionews.com.br\/?p=6109","title":{"rendered":"Queda de motociclista deixa danos e ferimentos em Alta Floresta"},"content":{"rendered":"\n<p>Uma ocorr\u00eancia de acidente de tr\u00e2nsito foi registrada na tarde do dia 22 de mar\u00e7o de 2026, por volta das 16h20, na MT-208, em Alta Floresta. O caso envolveu uma jovem de 18 anos, que conduzia sozinha uma motocicleta e sofreu uma queda, resultando em ferimentos e danos materiais no ve\u00edculo.<\/p>\n\n\n\n<p>De acordo com informa\u00e7\u00f5es do 8\u00ba Batalh\u00e3o da Pol\u00edcia Militar, a guarni\u00e7\u00e3o estava no quartel quando foi informada por um cidad\u00e3o sobre o acidente. Segundo o relato, a condutora trafegava pela rodovia quando caiu ao solo nas proximidades do quartel, em frente \u00e0 constru\u00e7\u00e3o do pr\u00e9dio da Politec.<\/p>\n\n\n\n<p>Ao chegar no local, os policiais constataram que a v\u00edtima j\u00e1 havia sido socorrida por terceiros e encaminhada para atendimento m\u00e9dico. Apenas a motocicleta permanecia na \u00e1rea, o que levou a equipe a se deslocar at\u00e9 a unidade de pronto atendimento para localizar a jovem e obter mais informa\u00e7\u00f5es sobre o ocorrido.<\/p>\n\n\n\n<p>Em conversa com a condutora, ela relatou que seguia pela MT-208 quando o pneu da motocicleta derrapou, provocando a queda. Com o impacto, a jovem sofreu diversas escoria\u00e7\u00f5es pelo corpo e precisou de cuidados m\u00e9dicos.<\/p>\n\n\n\n<p>O ve\u00edculo, uma Honda Biz, foi deixado no p\u00e1tio do quartel do 8\u00ba BPM a pedido da pr\u00f3pria v\u00edtima. O boletim de ocorr\u00eancia de tr\u00e2nsito foi registrado, e o caso refor\u00e7a a aten\u00e7\u00e3o necess\u00e1ria nas vias de Alta Floresta, especialmente em situa\u00e7\u00f5es que envolvem perda de controle do ve\u00edculo.<\/p>\n","protected":false},"excerpt":{"rendered":"<p>Uma ocorr\u00eancia de acidente de tr\u00e2nsito foi registrada na tarde do dia 22 de mar\u00e7o de 2026, por volta das 16h20, na MT-208, em Alta Floresta. O caso envolveu uma jovem de 18 anos, que conduzia sozinha uma motocicleta e sofreu uma queda, resultando em ferimentos e danos materiais no ve\u00edculo. De acordo com informa\u00e7\u00f5es [&hellip;]<\/p>\n","protected":false},"author":3,"featured_media":3785,"comment_status":"open","ping_status":"open","sticky":false,"template":"","format":"standard","meta":{"footnotes":""},"categories":[14],"tags":[89],"class_list":["post-6109","post","type-post","status-publish","format-standard","has-post-thumbnail","hentry","category-policia","tag-altafloresta"],"_links":{"self":[{"href":"https:\/\/diarionews.com.br\/index.php?rest_route=\/wp\/v2\/posts\/6109","targetHints":{"allow":["GET"]}}],"collection":[{"href":"https:\/\/diarionews.com.br\/index.php?rest_route=\/wp\/v2\/posts"}],"about":[{"href":"https:\/\/diarionews.com.br\/index.php?rest_route=\/wp\/v2\/types\/post"}],"author":[{"embeddable":true,"href":"https:\/\/diarionews.com.br\/index.php?rest_route=\/wp\/v2\/users\/3"}],"replies":[{"embeddable":true,"href":"https:\/\/diarionews.com.br\/index.php?rest_route=%2Fwp%2Fv2%2Fcomments&post=6109"}],"version-history":[{"count":1,"href":"https:\/\/diarionews.com.br\/index.php?rest_route=\/wp\/v2\/posts\/6109\/revisions"}],"predecessor-version":[{"id":6110,"href":"https:\/\/diarionews.com.br\/index.php?rest_route=\/wp\/v2\/posts\/6109\/revisions\/6110"}],"wp:featuredmedia":[{"embeddable":true,"href":"https:\/\/diarionews.com.br\/index.php?rest_route=\/wp\/v2\/media\/3785"}],"wp:attachment":[{"href":"https:\/\/diarionews.com.br\/index.php?rest_route=%2Fwp%2Fv2%2Fmedia&parent=6109"}],"wp:term":[{"taxonomy":"category","embeddable":true,"href":"https:\/\/diarionews.com.br\/index.php?rest_route=%2Fwp%2Fv2%2Fcategories&post=6109"},{"taxonomy":"post_tag","embeddable":true,"href":"https:\/\/diarionews.com.br\/index.php?rest_route=%2Fwp%2Fv2%2Ftags&post=6109"}],"curies":[{"name":"wp","href":"https:\/\/api.w.org\/{rel}","templated":true}]}}