{"id":6107,"date":"2026-03-23T06:19:36","date_gmt":"2026-03-23T10:19:36","guid":{"rendered":"https:\/\/diarionews.com.br\/?p=6107"},"modified":"2026-03-23T06:19:37","modified_gmt":"2026-03-23T10:19:37","slug":"discussao-por-divida-termina-em-facada-em-alta-floresta","status":"publish","type":"post","link":"https:\/\/diarionews.com.br\/?p=6107","title":{"rendered":"Discuss\u00e3o por d\u00edvida termina em facada em Alta Floresta"},"content":{"rendered":"\n<p>Uma ocorr\u00eancia de les\u00e3o corporal foi registrada na manh\u00e3 do dia 22 de mar\u00e7o de 2026, em Alta Floresta, no \u00e2mbito do 8\u00ba Batalh\u00e3o da Pol\u00edcia Militar, vinculado ao 9\u00ba Comando Regional. O caso aconteceu por volta das 7h30, no bairro Jardim das Flores, e envolveu dois homens, sendo um de 25 anos, apontado como suspeito, e outro de 22 anos, identificado como v\u00edtima.<\/p>\n\n\n\n<p>De acordo com as informa\u00e7\u00f5es repassadas pela Pol\u00edcia Militar, a equipe realizava rondas pela avenida Ariosto Riva, nas proximidades da feira livre, quando se deparou com a situa\u00e7\u00e3o. No local, os policiais encontraram um indiv\u00edduo na condi\u00e7\u00e3o de suspeito e outro ferido, o que motivou a abordagem imediata.<\/p>\n\n\n\n<p>Durante o atendimento da ocorr\u00eancia, o suspeito relatou que havia se envolvido em uma discuss\u00e3o com o pr\u00f3prio irm\u00e3o. Segundo ele, o desentendimento teria sido motivado por uma d\u00edvida no valor de R$ 200. Em meio \u00e0 briga, o homem desferiu um golpe de canivete no bra\u00e7o esquerdo da v\u00edtima, causando les\u00e3o.<\/p>\n\n\n\n<p>Diante dos fatos, a guarni\u00e7\u00e3o encaminhou o jovem ferido ao Pronto Atendimento Municipal, onde ele permaneceu sob cuidados m\u00e9dicos. J\u00e1 o suspeito foi conduzido \u00e0 Delegacia de Pol\u00edcia Judici\u00e1ria Civil, sem apresentar les\u00f5es corporais, para as provid\u00eancias cab\u00edveis.<\/p>\n\n\n\n<p>O caso chama aten\u00e7\u00e3o, especialmente pela motiva\u00e7\u00e3o envolvendo conflito familiar e d\u00edvida de baixo valor, evidenciando como desentendimentos podem evoluir para situa\u00e7\u00f5es de viol\u00eancia.<\/p>\n","protected":false},"excerpt":{"rendered":"<p>Uma ocorr\u00eancia de les\u00e3o corporal foi registrada na manh\u00e3 do dia 22 de mar\u00e7o de 2026, em Alta Floresta, no \u00e2mbito do 8\u00ba Batalh\u00e3o da Pol\u00edcia Militar, vinculado ao 9\u00ba Comando Regional. O caso aconteceu por volta das 7h30, no bairro Jardim das Flores, e envolveu dois homens, sendo um de 25 anos, apontado como [&hellip;]<\/p>\n","protected":false},"author":3,"featured_media":0,"comment_status":"open","ping_status":"open","sticky":false,"template":"","format":"standard","meta":{"footnotes":""},"categories":[14],"tags":[89],"class_list":["post-6107","post","type-post","status-publish","format-standard","hentry","category-policia","tag-altafloresta"],"_links":{"self":[{"href":"https:\/\/diarionews.com.br\/index.php?rest_route=\/wp\/v2\/posts\/6107","targetHints":{"allow":["GET"]}}],"collection":[{"href":"https:\/\/diarionews.com.br\/index.php?rest_route=\/wp\/v2\/posts"}],"about":[{"href":"https:\/\/diarionews.com.br\/index.php?rest_route=\/wp\/v2\/types\/post"}],"author":[{"embeddable":true,"href":"https:\/\/diarionews.com.br\/index.php?rest_route=\/wp\/v2\/users\/3"}],"replies":[{"embeddable":true,"href":"https:\/\/diarionews.com.br\/index.php?rest_route=%2Fwp%2Fv2%2Fcomments&post=6107"}],"version-history":[{"count":1,"href":"https:\/\/diarionews.com.br\/index.php?rest_route=\/wp\/v2\/posts\/6107\/revisions"}],"predecessor-version":[{"id":6108,"href":"https:\/\/diarionews.com.br\/index.php?rest_route=\/wp\/v2\/posts\/6107\/revisions\/6108"}],"wp:attachment":[{"href":"https:\/\/diarionews.com.br\/index.php?rest_route=%2Fwp%2Fv2%2Fmedia&parent=6107"}],"wp:term":[{"taxonomy":"category","embeddable":true,"href":"https:\/\/diarionews.com.br\/index.php?rest_route=%2Fwp%2Fv2%2Fcategories&post=6107"},{"taxonomy":"post_tag","embeddable":true,"href":"https:\/\/diarionews.com.br\/index.php?rest_route=%2Fwp%2Fv2%2Ftags&post=6107"}],"curies":[{"name":"wp","href":"https:\/\/api.w.org\/{rel}","templated":true}]}}