{"id":5971,"date":"2026-03-19T16:14:17","date_gmt":"2026-03-19T20:14:17","guid":{"rendered":"https:\/\/diarionews.com.br\/?p=5971"},"modified":"2026-03-19T16:14:19","modified_gmt":"2026-03-19T20:14:19","slug":"justica-proibe-bloqueios-de-rodovias-em-santa-catarina","status":"publish","type":"post","link":"https:\/\/diarionews.com.br\/?p=5971","title":{"rendered":"Justi\u00e7a pro\u00edbe bloqueios de rodovias em Santa Catarina"},"content":{"rendered":"\n<p>A Justi\u00e7a Federal determinou a proibi\u00e7\u00e3o de qualquer bloqueio de rodovias federais em Santa Catarina, em decis\u00e3o divulgada nesta quinta-feira (19). A medida ocorre em meio \u00e0 amea\u00e7a de paralisa\u00e7\u00f5es por parte de caminhoneiros, motivadas principalmente pelo aumento no pre\u00e7o do diesel. <\/p>\n\n\n\n<p>Al\u00e9m das rodovias, a decis\u00e3o tamb\u00e9m impede a interdi\u00e7\u00e3o de acessos ao complexo portu\u00e1rio de Itaja\u00ed e Navegantes, considerados estrat\u00e9gicos para a economia do estado. A determina\u00e7\u00e3o busca evitar impactos no transporte de cargas e na circula\u00e7\u00e3o de mercadorias, que poderiam ser prejudicados com eventuais bloqueios. <\/p>\n\n\n\n<p>O entendimento da Justi\u00e7a ressalta que manifesta\u00e7\u00f5es s\u00e3o um direito garantido, mas n\u00e3o podem comprometer a livre circula\u00e7\u00e3o de pessoas e ve\u00edculos, nem causar preju\u00edzos \u00e0 atividade econ\u00f4mica. Caso a decis\u00e3o seja descumprida, est\u00e1 prevista multa di\u00e1ria de R$ 10 mil para os respons\u00e1veis pelos bloqueios. <\/p>\n\n\n\n<p>A ordem judicial tamb\u00e9m autoriza a atua\u00e7\u00e3o da Pol\u00edcia Rodovi\u00e1ria Federal (PRF) para garantir o fluxo nas estradas. Paralelamente, o governo federal anunciou medidas de fiscaliza\u00e7\u00e3o para assegurar o cumprimento do piso do frete, em meio \u00e0s tens\u00f5es com a categoria. <\/p>\n","protected":false},"excerpt":{"rendered":"<p>A Justi\u00e7a Federal determinou a proibi\u00e7\u00e3o de qualquer bloqueio de rodovias federais em Santa Catarina, em decis\u00e3o divulgada nesta quinta-feira (19). A medida ocorre em meio \u00e0 amea\u00e7a de paralisa\u00e7\u00f5es por parte de caminhoneiros, motivadas principalmente pelo aumento no pre\u00e7o do diesel. Al\u00e9m das rodovias, a decis\u00e3o tamb\u00e9m impede a interdi\u00e7\u00e3o de acessos ao complexo [&hellip;]<\/p>\n","protected":false},"author":1,"featured_media":5972,"comment_status":"open","ping_status":"open","sticky":false,"template":"","format":"standard","meta":{"footnotes":""},"categories":[12],"tags":[956],"class_list":["post-5971","post","type-post","status-publish","format-standard","has-post-thumbnail","hentry","category-nacionais","tag-importante"],"_links":{"self":[{"href":"https:\/\/diarionews.com.br\/index.php?rest_route=\/wp\/v2\/posts\/5971","targetHints":{"allow":["GET"]}}],"collection":[{"href":"https:\/\/diarionews.com.br\/index.php?rest_route=\/wp\/v2\/posts"}],"about":[{"href":"https:\/\/diarionews.com.br\/index.php?rest_route=\/wp\/v2\/types\/post"}],"author":[{"embeddable":true,"href":"https:\/\/diarionews.com.br\/index.php?rest_route=\/wp\/v2\/users\/1"}],"replies":[{"embeddable":true,"href":"https:\/\/diarionews.com.br\/index.php?rest_route=%2Fwp%2Fv2%2Fcomments&post=5971"}],"version-history":[{"count":1,"href":"https:\/\/diarionews.com.br\/index.php?rest_route=\/wp\/v2\/posts\/5971\/revisions"}],"predecessor-version":[{"id":5973,"href":"https:\/\/diarionews.com.br\/index.php?rest_route=\/wp\/v2\/posts\/5971\/revisions\/5973"}],"wp:featuredmedia":[{"embeddable":true,"href":"https:\/\/diarionews.com.br\/index.php?rest_route=\/wp\/v2\/media\/5972"}],"wp:attachment":[{"href":"https:\/\/diarionews.com.br\/index.php?rest_route=%2Fwp%2Fv2%2Fmedia&parent=5971"}],"wp:term":[{"taxonomy":"category","embeddable":true,"href":"https:\/\/diarionews.com.br\/index.php?rest_route=%2Fwp%2Fv2%2Fcategories&post=5971"},{"taxonomy":"post_tag","embeddable":true,"href":"https:\/\/diarionews.com.br\/index.php?rest_route=%2Fwp%2Fv2%2Ftags&post=5971"}],"curies":[{"name":"wp","href":"https:\/\/api.w.org\/{rel}","templated":true}]}}