{"id":5965,"date":"2026-03-19T16:10:00","date_gmt":"2026-03-19T20:10:00","guid":{"rendered":"https:\/\/diarionews.com.br\/?p=5965"},"modified":"2026-03-19T11:12:36","modified_gmt":"2026-03-19T15:12:36","slug":"serie-cidades-em-foco-destaca-historia-do-norte-de-mt","status":"publish","type":"post","link":"https:\/\/diarionews.com.br\/?p=5965","title":{"rendered":"S\u00e9rie \u201cCidades em Foco\u201d destaca hist\u00f3ria do Norte de MT"},"content":{"rendered":"\n<p><\/p>\n\n\n\n<p>O Instituto Realize lan\u00e7ou a s\u00e9rie documental \u201cCidades em Foco\u201d, um projeto que retrata a hist\u00f3ria, a coloniza\u00e7\u00e3o e o desenvolvimento econ\u00f4mico do Norte de Mato Grosso. A produ\u00e7\u00e3o apresenta uma abordagem aprofundada sobre a forma\u00e7\u00e3o dos munic\u00edpios da regi\u00e3o, reunindo relatos, imagens e an\u00e1lises que ajudam a compreender a transforma\u00e7\u00e3o local ao longo das d\u00e9cadas.<\/p>\n\n\n\n<p>O document\u00e1rio foi constru\u00eddo a partir de uma expedi\u00e7\u00e3o pela regi\u00e3o, com a equipe percorrendo diferentes cidades para captar n\u00e3o apenas paisagens e aspectos geogr\u00e1ficos, mas tamb\u00e9m hist\u00f3rias de vida. A proposta \u00e9 mostrar o contraste entre o passado da coloniza\u00e7\u00e3o, iniciado principalmente nos anos 1970, e a realidade atual marcada pelo avan\u00e7o tecnol\u00f3gico e pelo crescimento do agroneg\u00f3cio. <\/p>\n\n\n\n<p>Entre os destaques da produ\u00e7\u00e3o est\u00e3o munic\u00edpios como Alta Floresta e Guarant\u00e3 do Norte, que tiveram suas trajet\u00f3rias exploradas sob diferentes perspectivas. O conte\u00fado busca valorizar desde os pioneiros que participaram da abertura da regi\u00e3o at\u00e9 os trabalhadores e produtores que ajudaram a consolidar a economia local, al\u00e9m de abordar elementos naturais importantes, como a biodiversidade amaz\u00f4nica e o Rio Teles Pires.<\/p>\n\n\n\n<p>A s\u00e9rie tamb\u00e9m se prop\u00f5e a ir al\u00e9m de um registro hist\u00f3rico convencional, apresentando reflex\u00f5es sobre os desafios e as contradi\u00e7\u00f5es do desenvolvimento regional. A narrativa inclui temas como preserva\u00e7\u00e3o ambiental, crescimento econ\u00f4mico e as mudan\u00e7as sociais ocorridas ao longo dos anos, compondo um panorama mais amplo da identidade do Norte mato-grossense.<\/p>\n\n\n\n<p>Com lan\u00e7amento previsto em plataformas digitais, o projeto foi idealizado para ter acesso gratuito ao p\u00fablico. A iniciativa busca deixar um legado audiovisual para as futuras gera\u00e7\u00f5es, reunindo mem\u00f3ria, cultura e informa\u00e7\u00e3o sobre uma das regi\u00f5es que mais cresceram no estado nas \u00faltimas d\u00e9cadas.<\/p>\n","protected":false},"excerpt":{"rendered":"<p>O Instituto Realize lan\u00e7ou a s\u00e9rie documental \u201cCidades em Foco\u201d, um projeto que retrata a hist\u00f3ria, a coloniza\u00e7\u00e3o e o desenvolvimento econ\u00f4mico do Norte de Mato Grosso. A produ\u00e7\u00e3o apresenta uma abordagem aprofundada sobre a forma\u00e7\u00e3o dos munic\u00edpios da regi\u00e3o, reunindo relatos, imagens e an\u00e1lises que ajudam a compreender a transforma\u00e7\u00e3o local ao longo das [&hellip;]<\/p>\n","protected":false},"author":1,"featured_media":5966,"comment_status":"open","ping_status":"open","sticky":false,"template":"","format":"standard","meta":{"footnotes":""},"categories":[21],"tags":[],"class_list":["post-5965","post","type-post","status-publish","format-standard","has-post-thumbnail","hentry","category-regiao"],"_links":{"self":[{"href":"https:\/\/diarionews.com.br\/index.php?rest_route=\/wp\/v2\/posts\/5965","targetHints":{"allow":["GET"]}}],"collection":[{"href":"https:\/\/diarionews.com.br\/index.php?rest_route=\/wp\/v2\/posts"}],"about":[{"href":"https:\/\/diarionews.com.br\/index.php?rest_route=\/wp\/v2\/types\/post"}],"author":[{"embeddable":true,"href":"https:\/\/diarionews.com.br\/index.php?rest_route=\/wp\/v2\/users\/1"}],"replies":[{"embeddable":true,"href":"https:\/\/diarionews.com.br\/index.php?rest_route=%2Fwp%2Fv2%2Fcomments&post=5965"}],"version-history":[{"count":1,"href":"https:\/\/diarionews.com.br\/index.php?rest_route=\/wp\/v2\/posts\/5965\/revisions"}],"predecessor-version":[{"id":5967,"href":"https:\/\/diarionews.com.br\/index.php?rest_route=\/wp\/v2\/posts\/5965\/revisions\/5967"}],"wp:featuredmedia":[{"embeddable":true,"href":"https:\/\/diarionews.com.br\/index.php?rest_route=\/wp\/v2\/media\/5966"}],"wp:attachment":[{"href":"https:\/\/diarionews.com.br\/index.php?rest_route=%2Fwp%2Fv2%2Fmedia&parent=5965"}],"wp:term":[{"taxonomy":"category","embeddable":true,"href":"https:\/\/diarionews.com.br\/index.php?rest_route=%2Fwp%2Fv2%2Fcategories&post=5965"},{"taxonomy":"post_tag","embeddable":true,"href":"https:\/\/diarionews.com.br\/index.php?rest_route=%2Fwp%2Fv2%2Ftags&post=5965"}],"curies":[{"name":"wp","href":"https:\/\/api.w.org\/{rel}","templated":true}]}}