{"id":5962,"date":"2026-03-19T11:09:57","date_gmt":"2026-03-19T15:09:57","guid":{"rendered":"https:\/\/diarionews.com.br\/?p=5962"},"modified":"2026-03-19T11:09:59","modified_gmt":"2026-03-19T15:09:59","slug":"vagas-em-alta-floresta-sebrae-abre-selecao-com-bolsa-de-ate-r-5-mil-em-mt","status":"publish","type":"post","link":"https:\/\/diarionews.com.br\/?p=5962","title":{"rendered":"Vagas em Alta Floresta: Sebrae abre sele\u00e7\u00e3o com bolsa de at\u00e9 R$ 5 mil em MT"},"content":{"rendered":"\n<p>O Servi\u00e7o de Apoio \u00e0s Micro e Pequenas Empresas de Mato Grosso (Sebrae-MT) abriu inscri\u00e7\u00f5es para um novo processo seletivo voltado ao Programa Agentes Locais de Inova\u00e7\u00e3o (ALI). A iniciativa oferece bolsas mensais de at\u00e9 R$ 5 mil para profissionais com ensino superior completo que desejam atuar no fortalecimento de pequenos neg\u00f3cios no estado. <\/p>\n\n\n\n<p>Os selecionados ir\u00e3o trabalhar diretamente com empresas, auxiliando na melhoria de processos, aumento da produtividade e desenvolvimento de estrat\u00e9gias inovadoras. O objetivo do programa \u00e9 impulsionar a competitividade dos empreendimentos e contribuir para o crescimento econ\u00f4mico nas regi\u00f5es atendidas. <\/p>\n\n\n\n<p>O programa contempla modalidades como ALI Produtividade e ALI Ecossistemas, que focam tanto no acompanhamento individual de empresas quanto na articula\u00e7\u00e3o de ambientes de inova\u00e7\u00e3o. A proposta \u00e9 conectar conhecimento t\u00e9cnico \u00e0 realidade do mercado, promovendo solu\u00e7\u00f5es pr\u00e1ticas para os desafios enfrentados pelos pequenos neg\u00f3cios. <\/p>\n\n\n\n<p>As inscri\u00e7\u00f5es tiveram in\u00edcio no dia 2 de mar\u00e7o e seguem at\u00e9 15 de abril, sendo realizadas exclusivamente pela internet. O edital com todas as regras, etapas do processo seletivo e crit\u00e9rios de participa\u00e7\u00e3o tamb\u00e9m est\u00e1 dispon\u00edvel de forma online para os interessados. <\/p>\n\n\n\n<p>O programa ALI \u00e9 uma das principais iniciativas do Sebrae voltadas \u00e0 inova\u00e7\u00e3o no pa\u00eds, atuando h\u00e1 anos na aproxima\u00e7\u00e3o entre profissionais qualificados e o setor produtivo, com foco no desenvolvimento sustent\u00e1vel e no fortalecimento da economia local. <\/p>\n\n\n\n<h2 class=\"wp-block-heading\">Atua\u00e7\u00e3o pr\u00e1tica com inova\u00e7\u00e3o<\/h2>\n\n\n\n<p>O programa Agentes Locais de Inova\u00e7\u00e3o (ALI) \u00e9 voltado \u00e0 aplica\u00e7\u00e3o de solu\u00e7\u00f5es inovadoras no dia a dia das empresas e dos territ\u00f3rios.<\/p>\n\n\n\n<p>S\u00e3o duas modalidades:<\/p>\n\n\n\n<ul class=\"wp-block-list\">\n<li><strong>Produtividade<\/strong>: atua\u00e7\u00e3o direta dentro das empresas, com diagn\u00f3stico, implementa\u00e7\u00e3o de melhorias e aumento da efici\u00eancia dos pequenos neg\u00f3cios;<\/li>\n\n\n\n<li><strong>Ecossistemas<\/strong>: foco no desenvolvimento regional, conectando empreendedores, institui\u00e7\u00f5es e o poder p\u00fablico para fortalecer a inova\u00e7\u00e3o local.<\/li>\n<\/ul>\n\n\n\n<h2 class=\"wp-block-heading\">Vagas em todo o estado<\/h2>\n\n\n\n<p>As oportunidades est\u00e3o distribu\u00eddas em diversas cidades estrat\u00e9gicas, como Cuiab\u00e1, Rondon\u00f3polis, Sinop, Sorriso e Lucas do Rio Verde, al\u00e9m de munic\u00edpios como \u00c1gua Boa, C\u00e1ceres, Tangar\u00e1 da Serra, Ju\u00edna, Alta Floresta, Primavera do Leste, Confresa, Diamantino e outros.<\/p>\n\n\n\n<p>O&nbsp;<a href=\"https:\/\/primeirapagina.com.br\/wp-content\/uploads\/2026\/03\/Edital-01-2026_1-1.pdf\" target=\"_blank\" rel=\"noopener\">edital<\/a>&nbsp;prev\u00ea vagas imediatas e cadastro reserva em diferentes regi\u00f5es do estado.<\/p>\n","protected":false},"excerpt":{"rendered":"<p>O Servi\u00e7o de Apoio \u00e0s Micro e Pequenas Empresas de Mato Grosso (Sebrae-MT) abriu inscri\u00e7\u00f5es para um novo processo seletivo voltado ao Programa Agentes Locais de Inova\u00e7\u00e3o (ALI). A iniciativa oferece bolsas mensais de at\u00e9 R$ 5 mil para profissionais com ensino superior completo que desejam atuar no fortalecimento de pequenos neg\u00f3cios no estado. Os [&hellip;]<\/p>\n","protected":false},"author":1,"featured_media":5963,"comment_status":"open","ping_status":"open","sticky":false,"template":"","format":"standard","meta":{"footnotes":""},"categories":[18],"tags":[89,352,956,1251,1606],"class_list":["post-5962","post","type-post","status-publish","format-standard","has-post-thumbnail","hentry","category-estaduais","tag-altafloresta","tag-educacao-2","tag-importante","tag-sebrae","tag-vagas"],"_links":{"self":[{"href":"https:\/\/diarionews.com.br\/index.php?rest_route=\/wp\/v2\/posts\/5962","targetHints":{"allow":["GET"]}}],"collection":[{"href":"https:\/\/diarionews.com.br\/index.php?rest_route=\/wp\/v2\/posts"}],"about":[{"href":"https:\/\/diarionews.com.br\/index.php?rest_route=\/wp\/v2\/types\/post"}],"author":[{"embeddable":true,"href":"https:\/\/diarionews.com.br\/index.php?rest_route=\/wp\/v2\/users\/1"}],"replies":[{"embeddable":true,"href":"https:\/\/diarionews.com.br\/index.php?rest_route=%2Fwp%2Fv2%2Fcomments&post=5962"}],"version-history":[{"count":1,"href":"https:\/\/diarionews.com.br\/index.php?rest_route=\/wp\/v2\/posts\/5962\/revisions"}],"predecessor-version":[{"id":5964,"href":"https:\/\/diarionews.com.br\/index.php?rest_route=\/wp\/v2\/posts\/5962\/revisions\/5964"}],"wp:featuredmedia":[{"embeddable":true,"href":"https:\/\/diarionews.com.br\/index.php?rest_route=\/wp\/v2\/media\/5963"}],"wp:attachment":[{"href":"https:\/\/diarionews.com.br\/index.php?rest_route=%2Fwp%2Fv2%2Fmedia&parent=5962"}],"wp:term":[{"taxonomy":"category","embeddable":true,"href":"https:\/\/diarionews.com.br\/index.php?rest_route=%2Fwp%2Fv2%2Fcategories&post=5962"},{"taxonomy":"post_tag","embeddable":true,"href":"https:\/\/diarionews.com.br\/index.php?rest_route=%2Fwp%2Fv2%2Ftags&post=5962"}],"curies":[{"name":"wp","href":"https:\/\/api.w.org\/{rel}","templated":true}]}}