{"id":5880,"date":"2026-03-17T06:12:55","date_gmt":"2026-03-17T10:12:55","guid":{"rendered":"https:\/\/diarionews.com.br\/?p=5880"},"modified":"2026-03-17T06:12:57","modified_gmt":"2026-03-17T10:12:57","slug":"mendonca-barra-acesso-a-dados-de-vorcaro-na-cpmi-do-inss","status":"publish","type":"post","link":"https:\/\/diarionews.com.br\/?p=5880","title":{"rendered":"Mendon\u00e7a barra acesso a dados de Vorcaro na CPMI do INSS"},"content":{"rendered":"\n<p>O ministro Andr\u00e9 Mendon\u00e7a determinou a suspens\u00e3o imediata do acesso a dados sigilosos do empres\u00e1rio Daniel Vorcaro que estavam armazenados na sala-cofre da CPMI do INSS, no Congresso Nacional. A decis\u00e3o atinge diretamente o material obtido a partir da quebra de sigilo do investigado, que vinha sendo analisado por parlamentares.<\/p>\n\n\n\n<p>De acordo com a medida, nenhum integrante da comiss\u00e3o poder\u00e1 consultar os arquivos at\u00e9 que seja realizada uma nova triagem das informa\u00e7\u00f5es. O objetivo, segundo o ministro, \u00e9 preservar conte\u00fados relacionados \u00e0 vida privada do empres\u00e1rio, evitando exposi\u00e7\u00e3o indevida de dados pessoais no curso das investiga\u00e7\u00f5es. <\/p>\n\n\n\n<p>A decis\u00e3o tamb\u00e9m determina que a Pol\u00edcia Federal retire os equipamentos armazenados na sala-cofre e conduza uma an\u00e1lise detalhada do material. Caber\u00e1 \u00e0 corpora\u00e7\u00e3o separar o que pode ser utilizado nas apura\u00e7\u00f5es daquilo que deve permanecer sob sigilo, garantindo que apenas informa\u00e7\u00f5es relevantes sejam eventualmente compartilhadas com a comiss\u00e3o. <\/p>\n\n\n\n<p>O caso ocorre no contexto das investiga\u00e7\u00f5es sobre fraudes envolvendo o INSS, que apuram descontos indevidos em benef\u00edcios de aposentados e pensionistas. <\/p>\n\n\n\n<p><br>O jornal Estad\u00e3o publicou an\u00e1lise em que discute os desdobramentos envolvendo o celular de Daniel Vorcaro e seus impactos no cen\u00e1rio pol\u00edtico e jur\u00eddico brasileiro. O conte\u00fado aponta que novas informa\u00e7\u00f5es extra\u00eddas do aparelho ampliam a press\u00e3o sobre decis\u00f5es j\u00e1 tomadas no \u00e2mbito do Supremo Tribunal Federal, especialmente em casos considerados sens\u00edveis.<\/p>\n\n\n\n<p>Segundo a avalia\u00e7\u00e3o, a mudan\u00e7a na relatoria do chamado caso Master, que passou das m\u00e3os de Dias Toffoli para Andr\u00e9 Mendon\u00e7a, surge como um elemento central nesse contexto. A substitui\u00e7\u00e3o \u00e9 vista como uma forma de evitar questionamentos sobre a imparcialidade, diante das revela\u00e7\u00f5es que vieram \u00e0 tona com o avan\u00e7o das investiga\u00e7\u00f5es.<\/p>\n\n\n\n<p>O material destaca ainda que os dados contidos no celular de Vorcaro levantam d\u00favidas sobre rela\u00e7\u00f5es e poss\u00edveis influ\u00eancias nos bastidores, refor\u00e7ando cr\u00edticas \u00e0 condu\u00e7\u00e3o de determinados processos. A an\u00e1lise sugere que, diante desse cen\u00e1rio, decis\u00f5es anteriores passam a ser reavaliadas sob uma nova perspectiva, o que aumenta a tens\u00e3o institucional.<\/p>\n","protected":false},"excerpt":{"rendered":"<p>O ministro Andr\u00e9 Mendon\u00e7a determinou a suspens\u00e3o imediata do acesso a dados sigilosos do empres\u00e1rio Daniel Vorcaro que estavam armazenados na sala-cofre da CPMI do INSS, no Congresso Nacional. A decis\u00e3o atinge diretamente o material obtido a partir da quebra de sigilo do investigado, que vinha sendo analisado por parlamentares. De acordo com a medida, [&hellip;]<\/p>\n","protected":false},"author":3,"featured_media":4163,"comment_status":"open","ping_status":"open","sticky":false,"template":"","format":"standard","meta":{"footnotes":""},"categories":[12],"tags":[956],"class_list":["post-5880","post","type-post","status-publish","format-standard","has-post-thumbnail","hentry","category-nacionais","tag-importante"],"_links":{"self":[{"href":"https:\/\/diarionews.com.br\/index.php?rest_route=\/wp\/v2\/posts\/5880","targetHints":{"allow":["GET"]}}],"collection":[{"href":"https:\/\/diarionews.com.br\/index.php?rest_route=\/wp\/v2\/posts"}],"about":[{"href":"https:\/\/diarionews.com.br\/index.php?rest_route=\/wp\/v2\/types\/post"}],"author":[{"embeddable":true,"href":"https:\/\/diarionews.com.br\/index.php?rest_route=\/wp\/v2\/users\/3"}],"replies":[{"embeddable":true,"href":"https:\/\/diarionews.com.br\/index.php?rest_route=%2Fwp%2Fv2%2Fcomments&post=5880"}],"version-history":[{"count":1,"href":"https:\/\/diarionews.com.br\/index.php?rest_route=\/wp\/v2\/posts\/5880\/revisions"}],"predecessor-version":[{"id":5881,"href":"https:\/\/diarionews.com.br\/index.php?rest_route=\/wp\/v2\/posts\/5880\/revisions\/5881"}],"wp:featuredmedia":[{"embeddable":true,"href":"https:\/\/diarionews.com.br\/index.php?rest_route=\/wp\/v2\/media\/4163"}],"wp:attachment":[{"href":"https:\/\/diarionews.com.br\/index.php?rest_route=%2Fwp%2Fv2%2Fmedia&parent=5880"}],"wp:term":[{"taxonomy":"category","embeddable":true,"href":"https:\/\/diarionews.com.br\/index.php?rest_route=%2Fwp%2Fv2%2Fcategories&post=5880"},{"taxonomy":"post_tag","embeddable":true,"href":"https:\/\/diarionews.com.br\/index.php?rest_route=%2Fwp%2Fv2%2Ftags&post=5880"}],"curies":[{"name":"wp","href":"https:\/\/api.w.org\/{rel}","templated":true}]}}