{"id":5873,"date":"2026-03-16T07:21:41","date_gmt":"2026-03-16T11:21:41","guid":{"rendered":"https:\/\/diarionews.com.br\/?p=5873"},"modified":"2026-03-16T07:21:42","modified_gmt":"2026-03-16T11:21:42","slug":"acidente-com-saveiro-deixa-condutor-ferido-em-paranaita","status":"publish","type":"post","link":"https:\/\/diarionews.com.br\/?p=5873","title":{"rendered":"Acidente com Saveiro deixa condutor ferido em Parana\u00edta"},"content":{"rendered":"\n<p>Um acidente de tr\u00e2nsito foi registrado na manh\u00e3 de domingo, 15 de mar\u00e7o de 2026, na Estrada do Lix\u00e3o, pr\u00f3ximo \u00e0 entrada do aeroporto municipal de Parana\u00edta, no norte de Mato Grosso. A ocorr\u00eancia resultou em danos materiais e deixou o condutor do ve\u00edculo sob cuidados m\u00e9dicos.<\/p>\n\n\n\n<p>Segundo informa\u00e7\u00f5es do 3\u00ba Pelot\u00e3o de Pol\u00edcia Militar de Parana\u00edta, a equipe foi acionada via telefone funcional ap\u00f3s uma den\u00fancia sobre a colis\u00e3o de um ve\u00edculo com um poste. No local, uma testemunha que estava como carona relatou que trafegava em um VW Saveiro branco no sentido MT-208 quando o condutor perdeu o controle do autom\u00f3vel.<\/p>\n\n\n\n<p>O impacto contra o poste provocou a quebra da estrutura e a necessidade de sinaliza\u00e7\u00e3o da via at\u00e9 a chegada da equipe da concession\u00e1ria de energia el\u00e9trica, a Energisa. A Pol\u00edcia Militar acompanhou o procedimento para garantir a seguran\u00e7a no local.<\/p>\n\n\n\n<p>O condutor do ve\u00edculo, um homem de 27 anos, foi encaminhado ao hospital municipal para atendimento m\u00e9dico, onde permaneceu sob observa\u00e7\u00e3o. O boletim de ocorr\u00eancia foi registrado online e encaminhado \u00e0 Delegacia de Pol\u00edcia de Parana\u00edta para as provid\u00eancias cab\u00edveis.<\/p>\n","protected":false},"excerpt":{"rendered":"<p>Um acidente de tr\u00e2nsito foi registrado na manh\u00e3 de domingo, 15 de mar\u00e7o de 2026, na Estrada do Lix\u00e3o, pr\u00f3ximo \u00e0 entrada do aeroporto municipal de Parana\u00edta, no norte de Mato Grosso. A ocorr\u00eancia resultou em danos materiais e deixou o condutor do ve\u00edculo sob cuidados m\u00e9dicos. Segundo informa\u00e7\u00f5es do 3\u00ba Pelot\u00e3o de Pol\u00edcia Militar [&hellip;]<\/p>\n","protected":false},"author":3,"featured_media":5097,"comment_status":"open","ping_status":"open","sticky":false,"template":"","format":"standard","meta":{"footnotes":""},"categories":[21],"tags":[],"class_list":["post-5873","post","type-post","status-publish","format-standard","has-post-thumbnail","hentry","category-regiao"],"_links":{"self":[{"href":"https:\/\/diarionews.com.br\/index.php?rest_route=\/wp\/v2\/posts\/5873","targetHints":{"allow":["GET"]}}],"collection":[{"href":"https:\/\/diarionews.com.br\/index.php?rest_route=\/wp\/v2\/posts"}],"about":[{"href":"https:\/\/diarionews.com.br\/index.php?rest_route=\/wp\/v2\/types\/post"}],"author":[{"embeddable":true,"href":"https:\/\/diarionews.com.br\/index.php?rest_route=\/wp\/v2\/users\/3"}],"replies":[{"embeddable":true,"href":"https:\/\/diarionews.com.br\/index.php?rest_route=%2Fwp%2Fv2%2Fcomments&post=5873"}],"version-history":[{"count":1,"href":"https:\/\/diarionews.com.br\/index.php?rest_route=\/wp\/v2\/posts\/5873\/revisions"}],"predecessor-version":[{"id":5874,"href":"https:\/\/diarionews.com.br\/index.php?rest_route=\/wp\/v2\/posts\/5873\/revisions\/5874"}],"wp:featuredmedia":[{"embeddable":true,"href":"https:\/\/diarionews.com.br\/index.php?rest_route=\/wp\/v2\/media\/5097"}],"wp:attachment":[{"href":"https:\/\/diarionews.com.br\/index.php?rest_route=%2Fwp%2Fv2%2Fmedia&parent=5873"}],"wp:term":[{"taxonomy":"category","embeddable":true,"href":"https:\/\/diarionews.com.br\/index.php?rest_route=%2Fwp%2Fv2%2Fcategories&post=5873"},{"taxonomy":"post_tag","embeddable":true,"href":"https:\/\/diarionews.com.br\/index.php?rest_route=%2Fwp%2Fv2%2Ftags&post=5873"}],"curies":[{"name":"wp","href":"https:\/\/api.w.org\/{rel}","templated":true}]}}