{"id":5871,"date":"2026-03-16T07:19:43","date_gmt":"2026-03-16T11:19:43","guid":{"rendered":"https:\/\/diarionews.com.br\/?p=5871"},"modified":"2026-03-16T07:19:45","modified_gmt":"2026-03-16T11:19:45","slug":"omissao-motorista-e-detido-apos-fugir-de-acidente-em-nova-canaa-do-norte","status":"publish","type":"post","link":"https:\/\/diarionews.com.br\/?p=5871","title":{"rendered":"Omiss\u00e3o: Motorista \u00e9 detido ap\u00f3s fugir de acidente em Nova Cana\u00e3 do Norte"},"content":{"rendered":"\n<p>Um acidente de tr\u00e2nsito registrado na tarde de domingo, 15 de mar\u00e7o de 2026, mobilizou a Pol\u00edcia Militar em Nova Cana\u00e3 do Norte, no norte de Mato Grosso. A ocorr\u00eancia aconteceu por volta das 15h, na Avenida Amazonas, no cruzamento com a Rua Jos\u00e9 Barbosa Filho, e envolveu uma motocicleta e um ve\u00edculo de passeio.<\/p>\n\n\n\n<p>De acordo com informa\u00e7\u00f5es da Pol\u00edcia Militar, a guarni\u00e7\u00e3o foi informada sobre a colis\u00e3o e, ao chegar ao local, encontrou a v\u00edtima, um homem de 53 anos, ca\u00edda ao solo. Ele relatou que trafegava com uma motocicleta Honda Bros de cor vermelha pela Avenida Amazonas quando um ve\u00edculo VW Gol de cor prata invadiu a via, provocando o acidente.<\/p>\n\n\n\n<p>Ainda segundo o motociclista, ap\u00f3s a colis\u00e3o o condutor do carro n\u00e3o permaneceu no local para prestar socorro e fugiu, tomando rumo ignorado. Uma equipe m\u00e9dica foi acionada para atender a v\u00edtima e, durante o atendimento, foi constatado que ele apresentava cortes no bra\u00e7o direito e na perna direita, al\u00e9m de uma fratura exposta no tornozelo direito.<\/p>\n\n\n\n<p>Durante a an\u00e1lise do local do acidente, os policiais encontraram o para-choque do ve\u00edculo envolvido, onde estava a placa do autom\u00f3vel. A partir dessas informa\u00e7\u00f5es, foi realizada uma consulta que permitiu identificar o propriet\u00e1rio do carro, um homem de 57 anos, bem como o endere\u00e7o onde ele residia.<\/p>\n\n\n\n<p>De posse dos dados, a equipe policial se deslocou at\u00e9 a resid\u00eancia do suspeito, localizada na Avenida Amazonas, onde o ve\u00edculo foi encontrado estacionado na garagem. Nas proximidades tamb\u00e9m foi localizado o homem apontado como condutor do autom\u00f3vel.<\/p>\n\n\n\n<p>Durante a abordagem, ele confirmou que havia se envolvido no acidente com a motocicleta e admitiu que deixou o local ap\u00f3s a colis\u00e3o. Diante dos fatos, o suspeito foi conduzido sem les\u00f5es \u00e0 Delegacia de Pol\u00edcia Judici\u00e1ria Civil para as provid\u00eancias cab\u00edveis.<\/p>\n\n\n\n<p>J\u00e1 a v\u00edtima recebeu atendimento inicial no local e posteriormente foi encaminhada ao Hospital Regional de Col\u00edder, onde permaneceu sob cuidados m\u00e9dicos devido \u00e0 gravidade das les\u00f5es.<\/p>\n","protected":false},"excerpt":{"rendered":"<p>Um acidente de tr\u00e2nsito registrado na tarde de domingo, 15 de mar\u00e7o de 2026, mobilizou a Pol\u00edcia Militar em Nova Cana\u00e3 do Norte, no norte de Mato Grosso. A ocorr\u00eancia aconteceu por volta das 15h, na Avenida Amazonas, no cruzamento com a Rua Jos\u00e9 Barbosa Filho, e envolveu uma motocicleta e um ve\u00edculo de passeio. [&hellip;]<\/p>\n","protected":false},"author":3,"featured_media":5444,"comment_status":"open","ping_status":"open","sticky":false,"template":"","format":"standard","meta":{"footnotes":""},"categories":[21],"tags":[],"class_list":["post-5871","post","type-post","status-publish","format-standard","has-post-thumbnail","hentry","category-regiao"],"_links":{"self":[{"href":"https:\/\/diarionews.com.br\/index.php?rest_route=\/wp\/v2\/posts\/5871","targetHints":{"allow":["GET"]}}],"collection":[{"href":"https:\/\/diarionews.com.br\/index.php?rest_route=\/wp\/v2\/posts"}],"about":[{"href":"https:\/\/diarionews.com.br\/index.php?rest_route=\/wp\/v2\/types\/post"}],"author":[{"embeddable":true,"href":"https:\/\/diarionews.com.br\/index.php?rest_route=\/wp\/v2\/users\/3"}],"replies":[{"embeddable":true,"href":"https:\/\/diarionews.com.br\/index.php?rest_route=%2Fwp%2Fv2%2Fcomments&post=5871"}],"version-history":[{"count":1,"href":"https:\/\/diarionews.com.br\/index.php?rest_route=\/wp\/v2\/posts\/5871\/revisions"}],"predecessor-version":[{"id":5872,"href":"https:\/\/diarionews.com.br\/index.php?rest_route=\/wp\/v2\/posts\/5871\/revisions\/5872"}],"wp:featuredmedia":[{"embeddable":true,"href":"https:\/\/diarionews.com.br\/index.php?rest_route=\/wp\/v2\/media\/5444"}],"wp:attachment":[{"href":"https:\/\/diarionews.com.br\/index.php?rest_route=%2Fwp%2Fv2%2Fmedia&parent=5871"}],"wp:term":[{"taxonomy":"category","embeddable":true,"href":"https:\/\/diarionews.com.br\/index.php?rest_route=%2Fwp%2Fv2%2Fcategories&post=5871"},{"taxonomy":"post_tag","embeddable":true,"href":"https:\/\/diarionews.com.br\/index.php?rest_route=%2Fwp%2Fv2%2Ftags&post=5871"}],"curies":[{"name":"wp","href":"https:\/\/api.w.org\/{rel}","templated":true}]}}