{"id":5866,"date":"2026-03-16T07:09:43","date_gmt":"2026-03-16T11:09:43","guid":{"rendered":"https:\/\/diarionews.com.br\/?p=5866"},"modified":"2026-03-16T07:09:44","modified_gmt":"2026-03-16T11:09:44","slug":"colider-idoso-tem-casa-furtada-apos-criminoso-levar-chave-da-porta","status":"publish","type":"post","link":"https:\/\/diarionews.com.br\/?p=5866","title":{"rendered":"Colider: Idoso tem casa furtada ap\u00f3s criminoso levar chave da porta"},"content":{"rendered":"\n<p>Um idoso de 79 anos foi v\u00edtima de furto na noite de domingo, 15 de mar\u00e7o de 2026, no bairro Nossa Senhora da Guia, em Col\u00edder, no norte de Mato Grosso. A ocorr\u00eancia foi registrada por volta das 20h, ap\u00f3s o morador perceber que sua resid\u00eancia havia sido invadida e diversos bens haviam sido levados.<\/p>\n\n\n\n<p>De acordo com informa\u00e7\u00f5es repassadas \u00e0 Pol\u00edcia Militar, o crime come\u00e7ou quando o suspeito quebrou o vidro do ve\u00edculo da v\u00edtima, que estava estacionado pr\u00f3ximo a uma igreja na Rua Borga Gato. Dentro do carro estavam as chaves da resid\u00eancia do idoso, que acabaram sendo furtadas pelo criminoso.<\/p>\n\n\n\n<p>Ap\u00f3s o furto das chaves, o suspeito foi at\u00e9 a casa da v\u00edtima e conseguiu entrar no im\u00f3vel utilizando o objeto levado do ve\u00edculo. J\u00e1 no interior da resid\u00eancia, o homem arrombou um cofre e subtraiu diversos itens de valor.<\/p>\n\n\n\n<p>Segundo o relato do morador, foram levadas algumas joias, aproximadamente 15 mil reais em dinheiro, cerca de 10 gramas de ouro em p\u00f3 e aproximadamente 4 mil reais em moedas de um real da s\u00e9rie comemorativa da Copa do Mundo.<\/p>\n\n\n\n<p>A guarni\u00e7\u00e3o da Pol\u00edcia Militar esteve no local e analisou as imagens das c\u00e2meras de seguran\u00e7a da resid\u00eancia. Nas grava\u00e7\u00f5es foi poss\u00edvel observar um suspeito entrando no im\u00f3vel e saindo cerca de 14 minutos depois, levando os objetos furtados e tomando rumo ignorado.<\/p>\n\n\n\n<p>Ap\u00f3s o registro do boletim de ocorr\u00eancia, os policiais iniciaram rondas pela regi\u00e3o na tentativa de localizar o suspeito. At\u00e9 o momento, por\u00e9m, ningu\u00e9m havia sido preso e o caso segue sob investiga\u00e7\u00e3o.<\/p>\n","protected":false},"excerpt":{"rendered":"<p>Um idoso de 79 anos foi v\u00edtima de furto na noite de domingo, 15 de mar\u00e7o de 2026, no bairro Nossa Senhora da Guia, em Col\u00edder, no norte de Mato Grosso. A ocorr\u00eancia foi registrada por volta das 20h, ap\u00f3s o morador perceber que sua resid\u00eancia havia sido invadida e diversos bens haviam sido levados. [&hellip;]<\/p>\n","protected":false},"author":3,"featured_media":5065,"comment_status":"open","ping_status":"open","sticky":false,"template":"","format":"standard","meta":{"footnotes":""},"categories":[21],"tags":[],"class_list":["post-5866","post","type-post","status-publish","format-standard","has-post-thumbnail","hentry","category-regiao"],"_links":{"self":[{"href":"https:\/\/diarionews.com.br\/index.php?rest_route=\/wp\/v2\/posts\/5866","targetHints":{"allow":["GET"]}}],"collection":[{"href":"https:\/\/diarionews.com.br\/index.php?rest_route=\/wp\/v2\/posts"}],"about":[{"href":"https:\/\/diarionews.com.br\/index.php?rest_route=\/wp\/v2\/types\/post"}],"author":[{"embeddable":true,"href":"https:\/\/diarionews.com.br\/index.php?rest_route=\/wp\/v2\/users\/3"}],"replies":[{"embeddable":true,"href":"https:\/\/diarionews.com.br\/index.php?rest_route=%2Fwp%2Fv2%2Fcomments&post=5866"}],"version-history":[{"count":1,"href":"https:\/\/diarionews.com.br\/index.php?rest_route=\/wp\/v2\/posts\/5866\/revisions"}],"predecessor-version":[{"id":5867,"href":"https:\/\/diarionews.com.br\/index.php?rest_route=\/wp\/v2\/posts\/5866\/revisions\/5867"}],"wp:featuredmedia":[{"embeddable":true,"href":"https:\/\/diarionews.com.br\/index.php?rest_route=\/wp\/v2\/media\/5065"}],"wp:attachment":[{"href":"https:\/\/diarionews.com.br\/index.php?rest_route=%2Fwp%2Fv2%2Fmedia&parent=5866"}],"wp:term":[{"taxonomy":"category","embeddable":true,"href":"https:\/\/diarionews.com.br\/index.php?rest_route=%2Fwp%2Fv2%2Fcategories&post=5866"},{"taxonomy":"post_tag","embeddable":true,"href":"https:\/\/diarionews.com.br\/index.php?rest_route=%2Fwp%2Fv2%2Ftags&post=5866"}],"curies":[{"name":"wp","href":"https:\/\/api.w.org\/{rel}","templated":true}]}}