{"id":5864,"date":"2026-03-16T07:00:24","date_gmt":"2026-03-16T11:00:24","guid":{"rendered":"https:\/\/diarionews.com.br\/?p=5864"},"modified":"2026-03-16T07:00:25","modified_gmt":"2026-03-16T11:00:25","slug":"valores-invertidos-filho-e-detido-apos-agredir-o-pai-no-bairro-vila-nova-em-alta-floresta","status":"publish","type":"post","link":"https:\/\/diarionews.com.br\/?p=5864","title":{"rendered":"VALORES INVERTIDOS: Filho \u00e9 detido ap\u00f3s agredir o pai no bairro Vila Nova em Alta Floresta"},"content":{"rendered":"\n<p>Uma ocorr\u00eancia de les\u00e3o corporal foi registrada na noite de domingo, 15 de mar\u00e7o de 2026, no bairro Vila Nova, em Alta Floresta, no norte de Mato Grosso. A situa\u00e7\u00e3o envolveu uma discuss\u00e3o entre pai e filho e terminou com a deten\u00e7\u00e3o de um homem de 36 anos pela Pol\u00edcia Militar.<\/p>\n\n\n\n<p>Segundo informa\u00e7\u00f5es do 8\u00ba Batalh\u00e3o da Pol\u00edcia Militar, a guarni\u00e7\u00e3o foi acionada pelo Centro de Opera\u00e7\u00f5es da Pol\u00edcia Militar, o Copom, ap\u00f3s den\u00fancia de uma briga em uma resid\u00eancia do bairro. No local, os policiais foram recebidos pela v\u00edtima, um homem de 60 anos, que relatou que o desentendimento teria come\u00e7ado ap\u00f3s uma sequ\u00eancia de pedidos de dinheiro feitos pelo filho.<\/p>\n\n\n\n<p>De acordo com o relato, no dia 14 de mar\u00e7o o filho pegou a motocicleta do pai e saiu de casa. Na ocasi\u00e3o, ele tamb\u00e9m pediu dinheiro e recebeu o valor de 55 reais. J\u00e1 no dia seguinte, o suspeito entrou em contato novamente solicitando mais 120 reais, pedido que foi recusado pelo pai.<\/p>\n\n\n\n<p>Ainda conforme a v\u00edtima, na noite de domingo o filho foi at\u00e9 a resid\u00eancia e pediu que o port\u00e3o fosse aberto. Diante da recusa, ele entrou no im\u00f3vel e desferiu um chute no peito do pai, fazendo com que o idoso ca\u00edsse no ch\u00e3o. Durante a queda, os \u00f3culos que estavam presos \u00e0 gola da camisa da v\u00edtima acabaram sendo quebrados.<\/p>\n\n\n\n<p>Ap\u00f3s a agress\u00e3o, o suspeito passou a xingar o pai com diversos palavr\u00f5es e em seguida foi at\u00e9 um dos quartos da casa, onde se deitou e acabou dormindo. A v\u00edtima ent\u00e3o acionou a Pol\u00edcia Militar solicitando a presen\u00e7a da equipe no local.<\/p>\n\n\n\n<p>Os policiais entraram no quarto e encontraram o homem dormindo. Foi dada voz de pris\u00e3o e ele foi algemado. Antes de ser encaminhado \u00e0 delegacia, o suspeito foi levado ao Pronto Atendimento Municipal, j\u00e1 que apresentava escoria\u00e7\u00f5es pelo corpo decorrentes de uma queda de motocicleta que havia sofrido antes de chegar \u00e0 casa do pai.<\/p>\n\n\n\n<p>Ap\u00f3s receber atendimento m\u00e9dico, o homem foi levado para a Central de Opera\u00e7\u00f5es para o registro do boletim de ocorr\u00eancia e posteriormente encaminhado \u00e0 Delegacia de Pol\u00edcia Judici\u00e1ria Civil de Alta Floresta, onde o caso foi apresentado para as provid\u00eancias cab\u00edveis.<\/p>\n","protected":false},"excerpt":{"rendered":"<p>Uma ocorr\u00eancia de les\u00e3o corporal foi registrada na noite de domingo, 15 de mar\u00e7o de 2026, no bairro Vila Nova, em Alta Floresta, no norte de Mato Grosso. A situa\u00e7\u00e3o envolveu uma discuss\u00e3o entre pai e filho e terminou com a deten\u00e7\u00e3o de um homem de 36 anos pela Pol\u00edcia Militar. Segundo informa\u00e7\u00f5es do 8\u00ba [&hellip;]<\/p>\n","protected":false},"author":3,"featured_media":2107,"comment_status":"open","ping_status":"open","sticky":false,"template":"","format":"standard","meta":{"footnotes":""},"categories":[14,6],"tags":[89,93,1593,956,1592],"class_list":["post-5864","post","type-post","status-publish","format-standard","has-post-thumbnail","hentry","category-policia","category-local","tag-altafloresta","tag-policiamilitar","tag-desrespeito","tag-importante","tag-inversao-de-valores"],"_links":{"self":[{"href":"https:\/\/diarionews.com.br\/index.php?rest_route=\/wp\/v2\/posts\/5864","targetHints":{"allow":["GET"]}}],"collection":[{"href":"https:\/\/diarionews.com.br\/index.php?rest_route=\/wp\/v2\/posts"}],"about":[{"href":"https:\/\/diarionews.com.br\/index.php?rest_route=\/wp\/v2\/types\/post"}],"author":[{"embeddable":true,"href":"https:\/\/diarionews.com.br\/index.php?rest_route=\/wp\/v2\/users\/3"}],"replies":[{"embeddable":true,"href":"https:\/\/diarionews.com.br\/index.php?rest_route=%2Fwp%2Fv2%2Fcomments&post=5864"}],"version-history":[{"count":1,"href":"https:\/\/diarionews.com.br\/index.php?rest_route=\/wp\/v2\/posts\/5864\/revisions"}],"predecessor-version":[{"id":5865,"href":"https:\/\/diarionews.com.br\/index.php?rest_route=\/wp\/v2\/posts\/5864\/revisions\/5865"}],"wp:featuredmedia":[{"embeddable":true,"href":"https:\/\/diarionews.com.br\/index.php?rest_route=\/wp\/v2\/media\/2107"}],"wp:attachment":[{"href":"https:\/\/diarionews.com.br\/index.php?rest_route=%2Fwp%2Fv2%2Fmedia&parent=5864"}],"wp:term":[{"taxonomy":"category","embeddable":true,"href":"https:\/\/diarionews.com.br\/index.php?rest_route=%2Fwp%2Fv2%2Fcategories&post=5864"},{"taxonomy":"post_tag","embeddable":true,"href":"https:\/\/diarionews.com.br\/index.php?rest_route=%2Fwp%2Fv2%2Ftags&post=5864"}],"curies":[{"name":"wp","href":"https:\/\/api.w.org\/{rel}","templated":true}]}}