{"id":5862,"date":"2026-03-16T06:56:38","date_gmt":"2026-03-16T10:56:38","guid":{"rendered":"https:\/\/diarionews.com.br\/?p=5862"},"modified":"2026-03-16T06:56:40","modified_gmt":"2026-03-16T10:56:40","slug":"olha-a-facaaaa-briga-com-faca-deixa-ferido-na-praca-civica-em-alta-floresta","status":"publish","type":"post","link":"https:\/\/diarionews.com.br\/?p=5862","title":{"rendered":"Olha a facaaaa: Briga com faca deixa ferido na Pra\u00e7a C\u00edvica em Alta Floresta"},"content":{"rendered":"\n<p>Uma briga registrada na tarde de domingo, 15 de mar\u00e7o de 2026, mobilizou a Pol\u00edcia Militar no centro de Alta Floresta, no norte de Mato Grosso. A ocorr\u00eancia foi registrada por volta das 15h nas proximidades da Pra\u00e7a C\u00edvica, ap\u00f3s populares acionarem a guarni\u00e7\u00e3o informando que dois homens estavam envolvidos em uma confus\u00e3o com uso de arma branca.<\/p>\n\n\n\n<p>De acordo com o boletim da Pol\u00edcia Militar do 8\u00ba Batalh\u00e3o, pertencente ao 9\u00ba Comando Regional, a equipe foi at\u00e9 o local e localizou um dos envolvidos nas proximidades da Rua F. Durante a abordagem, os policiais encontraram com ele uma faca de serra, que teria sido utilizada durante a briga.<\/p>\n\n\n\n<p>O outro envolvido foi localizado ainda na Pra\u00e7a C\u00edvica apresentando um ferimento nas costas. Conforme relato dos pr\u00f3prios participantes da confus\u00e3o, o desentendimento teria ocorrido por motivos passionais, o que acabou resultando na agress\u00e3o com a arma branca.<\/p>\n\n\n\n<p>Diante da situa\u00e7\u00e3o, o homem que estava com a faca foi detido pelos policiais e encaminhado \u00e0 Delegacia Municipal de Pol\u00edcia Judici\u00e1ria Civil de Alta Floresta para as provid\u00eancias cab\u00edveis. J\u00e1 a v\u00edtima permaneceu sob cuidados m\u00e9dicos no Pronto Atendimento Municipal, o PAM, onde recebeu atendimento devido ao ferimento.<\/p>\n","protected":false},"excerpt":{"rendered":"<p>Uma briga registrada na tarde de domingo, 15 de mar\u00e7o de 2026, mobilizou a Pol\u00edcia Militar no centro de Alta Floresta, no norte de Mato Grosso. A ocorr\u00eancia foi registrada por volta das 15h nas proximidades da Pra\u00e7a C\u00edvica, ap\u00f3s populares acionarem a guarni\u00e7\u00e3o informando que dois homens estavam envolvidos em uma confus\u00e3o com uso [&hellip;]<\/p>\n","protected":false},"author":3,"featured_media":980,"comment_status":"open","ping_status":"open","sticky":false,"template":"","format":"standard","meta":{"footnotes":""},"categories":[14,6],"tags":[],"class_list":["post-5862","post","type-post","status-publish","format-standard","has-post-thumbnail","hentry","category-policia","category-local"],"_links":{"self":[{"href":"https:\/\/diarionews.com.br\/index.php?rest_route=\/wp\/v2\/posts\/5862","targetHints":{"allow":["GET"]}}],"collection":[{"href":"https:\/\/diarionews.com.br\/index.php?rest_route=\/wp\/v2\/posts"}],"about":[{"href":"https:\/\/diarionews.com.br\/index.php?rest_route=\/wp\/v2\/types\/post"}],"author":[{"embeddable":true,"href":"https:\/\/diarionews.com.br\/index.php?rest_route=\/wp\/v2\/users\/3"}],"replies":[{"embeddable":true,"href":"https:\/\/diarionews.com.br\/index.php?rest_route=%2Fwp%2Fv2%2Fcomments&post=5862"}],"version-history":[{"count":1,"href":"https:\/\/diarionews.com.br\/index.php?rest_route=\/wp\/v2\/posts\/5862\/revisions"}],"predecessor-version":[{"id":5863,"href":"https:\/\/diarionews.com.br\/index.php?rest_route=\/wp\/v2\/posts\/5862\/revisions\/5863"}],"wp:featuredmedia":[{"embeddable":true,"href":"https:\/\/diarionews.com.br\/index.php?rest_route=\/wp\/v2\/media\/980"}],"wp:attachment":[{"href":"https:\/\/diarionews.com.br\/index.php?rest_route=%2Fwp%2Fv2%2Fmedia&parent=5862"}],"wp:term":[{"taxonomy":"category","embeddable":true,"href":"https:\/\/diarionews.com.br\/index.php?rest_route=%2Fwp%2Fv2%2Fcategories&post=5862"},{"taxonomy":"post_tag","embeddable":true,"href":"https:\/\/diarionews.com.br\/index.php?rest_route=%2Fwp%2Fv2%2Ftags&post=5862"}],"curies":[{"name":"wp","href":"https:\/\/api.w.org\/{rel}","templated":true}]}}