{"id":5698,"date":"2026-03-12T06:32:39","date_gmt":"2026-03-12T10:32:39","guid":{"rendered":"https:\/\/diarionews.com.br\/?p=5698"},"modified":"2026-03-12T06:32:41","modified_gmt":"2026-03-12T10:32:41","slug":"ronda-suspeito-e-detido-por-trafico-de-drogas-no-setor-d-em-alta-floresta","status":"publish","type":"post","link":"https:\/\/diarionews.com.br\/?p=5698","title":{"rendered":"Ronda: Suspeito \u00e9 detido por tr\u00e1fico de drogas no Setor D em Alta Floresta"},"content":{"rendered":"\n<p>Um homem de 41 anos foi detido na tarde do dia 11 de mar\u00e7o suspeito de envolvimento com tr\u00e1fico il\u00edcito de drogas no Setor D, em Alta Floresta. A ocorr\u00eancia foi registrada por uma guarni\u00e7\u00e3o da Pol\u00edcia Militar ap\u00f3s acionamento do Centro de Opera\u00e7\u00f5es da PM, o Copom.<\/p>\n\n\n\n<p>Segundo o boletim de ocorr\u00eancia, a equipe foi informada de que um homem vestindo camisa cinza e cal\u00e7a jeans estaria incomodando moradores na Rua D-4. Diante da den\u00fancia, os policiais se deslocaram imediatamente at\u00e9 o endere\u00e7o indicado para verificar a situa\u00e7\u00e3o.<\/p>\n\n\n\n<p>Ao chegar ao local, os militares visualizaram o suspeito no final da rua e realizaram a abordagem. Durante a busca pessoal, o sargento Bento encontrou no bolso da cal\u00e7a do homem v\u00e1rias por\u00e7\u00f5es de uma subst\u00e2ncia an\u00e1loga \u00e0 maconha.<\/p>\n\n\n\n<p>Ap\u00f3s a localiza\u00e7\u00e3o do material, foi dada voz de pris\u00e3o ao suspeito. Ele foi algemado devido ao receio de fuga e para garantir a integridade f\u00edsica dele e da pr\u00f3pria guarni\u00e7\u00e3o policial durante a condu\u00e7\u00e3o.<\/p>\n\n\n\n<p>O homem foi encaminhado ao Copom para a confec\u00e7\u00e3o do boletim de ocorr\u00eancia da Pol\u00edcia Militar e, posteriormente, levado \u00e0 Delegacia de Pol\u00edcia Civil de Alta Floresta, juntamente com o material apreendido. Conforme o registro, ele n\u00e3o apresentava les\u00f5es corporais no momento da entrega \u00e0 autoridade policial.<\/p>\n","protected":false},"excerpt":{"rendered":"<p>Um homem de 41 anos foi detido na tarde do dia 11 de mar\u00e7o suspeito de envolvimento com tr\u00e1fico il\u00edcito de drogas no Setor D, em Alta Floresta. A ocorr\u00eancia foi registrada por uma guarni\u00e7\u00e3o da Pol\u00edcia Militar ap\u00f3s acionamento do Centro de Opera\u00e7\u00f5es da PM, o Copom. Segundo o boletim de ocorr\u00eancia, a equipe [&hellip;]<\/p>\n","protected":false},"author":3,"featured_media":5221,"comment_status":"open","ping_status":"open","sticky":false,"template":"","format":"standard","meta":{"footnotes":""},"categories":[14],"tags":[89,93,956],"class_list":["post-5698","post","type-post","status-publish","format-standard","has-post-thumbnail","hentry","category-policia","tag-altafloresta","tag-policiamilitar","tag-importante"],"_links":{"self":[{"href":"https:\/\/diarionews.com.br\/index.php?rest_route=\/wp\/v2\/posts\/5698","targetHints":{"allow":["GET"]}}],"collection":[{"href":"https:\/\/diarionews.com.br\/index.php?rest_route=\/wp\/v2\/posts"}],"about":[{"href":"https:\/\/diarionews.com.br\/index.php?rest_route=\/wp\/v2\/types\/post"}],"author":[{"embeddable":true,"href":"https:\/\/diarionews.com.br\/index.php?rest_route=\/wp\/v2\/users\/3"}],"replies":[{"embeddable":true,"href":"https:\/\/diarionews.com.br\/index.php?rest_route=%2Fwp%2Fv2%2Fcomments&post=5698"}],"version-history":[{"count":1,"href":"https:\/\/diarionews.com.br\/index.php?rest_route=\/wp\/v2\/posts\/5698\/revisions"}],"predecessor-version":[{"id":5699,"href":"https:\/\/diarionews.com.br\/index.php?rest_route=\/wp\/v2\/posts\/5698\/revisions\/5699"}],"wp:featuredmedia":[{"embeddable":true,"href":"https:\/\/diarionews.com.br\/index.php?rest_route=\/wp\/v2\/media\/5221"}],"wp:attachment":[{"href":"https:\/\/diarionews.com.br\/index.php?rest_route=%2Fwp%2Fv2%2Fmedia&parent=5698"}],"wp:term":[{"taxonomy":"category","embeddable":true,"href":"https:\/\/diarionews.com.br\/index.php?rest_route=%2Fwp%2Fv2%2Fcategories&post=5698"},{"taxonomy":"post_tag","embeddable":true,"href":"https:\/\/diarionews.com.br\/index.php?rest_route=%2Fwp%2Fv2%2Ftags&post=5698"}],"curies":[{"name":"wp","href":"https:\/\/api.w.org\/{rel}","templated":true}]}}