{"id":5693,"date":"2026-03-12T06:25:23","date_gmt":"2026-03-12T10:25:23","guid":{"rendered":"https:\/\/diarionews.com.br\/?p=5693"},"modified":"2026-03-12T06:25:25","modified_gmt":"2026-03-12T10:25:25","slug":"foto-de-menino-antes-de-ataque-a-escola-no-ira-comove-a-internet","status":"publish","type":"post","link":"https:\/\/diarionews.com.br\/?p=5693","title":{"rendered":"Foto de menino antes de ataque a escola no Ir\u00e3 comove a internet"},"content":{"rendered":"\n<p>Uma fotografia registrada por uma m\u00e3e momentos antes de o filho sair para a escola ganhou grande repercuss\u00e3o nas redes sociais ap\u00f3s a confirma\u00e7\u00e3o de que o menino morreu em um ataque ocorrido no sul do Ir\u00e3. A imagem mostra o garoto acenando na porta de casa antes de seguir para as aulas, sem saber que aquele seria o \u00faltimo momento registrado ao lado da fam\u00edlia.<\/p>\n\n\n\n<p>O menino foi identificado como Mikaeil Mirdoraghi. Ele morreu em um bombardeio que atingiu uma escola na cidade de Minab, no dia 28 de fevereiro, data que marcou o in\u00edcio de uma escalada de ataques na regi\u00e3o. O ataque deixou cerca de 175 mortos e, segundo informa\u00e7\u00f5es divulgadas pela imprensa internacional, a maioria das v\u00edtimas era formada por crian\u00e7as que estavam na unidade escolar.<\/p>\n\n\n\n<p>De acordo com relato da m\u00e3e \u00e0 imprensa iraniana, o pr\u00f3prio menino pediu para ser fotografado antes de sair de casa naquela manh\u00e3. A imagem passou a circular rapidamente nas redes sociais e acabou se tornando um s\u00edmbolo da trag\u00e9dia que atingiu a cidade. A fotografia mostra o garoto sorrindo e acenando para a m\u00e3e instantes antes de seguir para a escola.<\/p>\n\n\n\n<p>Em entrevista, a mulher tamb\u00e9m recordou as \u00faltimas horas ao lado do filho. Segundo ela, na noite anterior ao ataque, o menino elogiou a comida preparada em casa e passou parte do tempo brincando com o irm\u00e3o antes de dormir. O depoimento emocionou usu\u00e1rios nas redes sociais e ajudou a ampliar a repercuss\u00e3o internacional da hist\u00f3ria.<\/p>\n\n\n\n<p>O governo do Ir\u00e3 atribui a responsabilidade pelo bombardeio aos Estados Unidos e a Israel, classificando o epis\u00f3dio como um crime de guerra. O caso segue gerando debates e repercuss\u00e3o em diferentes pa\u00edses, com a imagem do garoto se tornando um dos registros mais marcantes da trag\u00e9dia.<\/p>\n","protected":false},"excerpt":{"rendered":"<p>Uma fotografia registrada por uma m\u00e3e momentos antes de o filho sair para a escola ganhou grande repercuss\u00e3o nas redes sociais ap\u00f3s a confirma\u00e7\u00e3o de que o menino morreu em um ataque ocorrido no sul do Ir\u00e3. A imagem mostra o garoto acenando na porta de casa antes de seguir para as aulas, sem saber [&hellip;]<\/p>\n","protected":false},"author":3,"featured_media":5694,"comment_status":"open","ping_status":"open","sticky":false,"template":"","format":"standard","meta":{"footnotes":""},"categories":[11],"tags":[956],"class_list":["post-5693","post","type-post","status-publish","format-standard","has-post-thumbnail","hentry","category-mundo","tag-importante"],"_links":{"self":[{"href":"https:\/\/diarionews.com.br\/index.php?rest_route=\/wp\/v2\/posts\/5693","targetHints":{"allow":["GET"]}}],"collection":[{"href":"https:\/\/diarionews.com.br\/index.php?rest_route=\/wp\/v2\/posts"}],"about":[{"href":"https:\/\/diarionews.com.br\/index.php?rest_route=\/wp\/v2\/types\/post"}],"author":[{"embeddable":true,"href":"https:\/\/diarionews.com.br\/index.php?rest_route=\/wp\/v2\/users\/3"}],"replies":[{"embeddable":true,"href":"https:\/\/diarionews.com.br\/index.php?rest_route=%2Fwp%2Fv2%2Fcomments&post=5693"}],"version-history":[{"count":1,"href":"https:\/\/diarionews.com.br\/index.php?rest_route=\/wp\/v2\/posts\/5693\/revisions"}],"predecessor-version":[{"id":5695,"href":"https:\/\/diarionews.com.br\/index.php?rest_route=\/wp\/v2\/posts\/5693\/revisions\/5695"}],"wp:featuredmedia":[{"embeddable":true,"href":"https:\/\/diarionews.com.br\/index.php?rest_route=\/wp\/v2\/media\/5694"}],"wp:attachment":[{"href":"https:\/\/diarionews.com.br\/index.php?rest_route=%2Fwp%2Fv2%2Fmedia&parent=5693"}],"wp:term":[{"taxonomy":"category","embeddable":true,"href":"https:\/\/diarionews.com.br\/index.php?rest_route=%2Fwp%2Fv2%2Fcategories&post=5693"},{"taxonomy":"post_tag","embeddable":true,"href":"https:\/\/diarionews.com.br\/index.php?rest_route=%2Fwp%2Fv2%2Ftags&post=5693"}],"curies":[{"name":"wp","href":"https:\/\/api.w.org\/{rel}","templated":true}]}}