{"id":5682,"date":"2026-03-11T06:54:03","date_gmt":"2026-03-11T10:54:03","guid":{"rendered":"https:\/\/diarionews.com.br\/?p=5682"},"modified":"2026-03-11T06:54:04","modified_gmt":"2026-03-11T10:54:04","slug":"policia-de-alta-floresta-apreende-carro-clonado-durante-patrulhamento","status":"publish","type":"post","link":"https:\/\/diarionews.com.br\/?p=5682","title":{"rendered":"Pol\u00edcia de Alta Floresta apreende carro clonado durante patrulhamento"},"content":{"rendered":"\n<p>A Pol\u00edcia Militar de Alta Floresta, por meio da equipe da For\u00e7a T\u00e1tica do 9\u00ba Comando Regional, apreendeu um ve\u00edculo suspeito de clonagem na regi\u00e3o do setor industrial da cidade. A a\u00e7\u00e3o ocorreu durante patrulhamento de rotina nesta ter\u00e7a-feira, 10 de mar\u00e7o, quando os policiais avistaram um Palio cinza escuro, placa OLW1C64, que apresentava ind\u00edcios de irregularidade.<\/p>\n\n\n\n<p>Ao ser abordado, o condutor, Cristiano Machado, de 39 anos, afirmou que comprou o ve\u00edculo h\u00e1 cerca de seis meses e vinha cobrando Mario Vitor de Oliveira para entregar a documenta\u00e7\u00e3o completa. Segundo Cristiano, ele havia repassado um ve\u00edculo Vectra devidamente documentado e pagado aproximadamente R$ 6.000,00 na negocia\u00e7\u00e3o, mas ainda n\u00e3o havia recebido a transfer\u00eancia formal.<\/p>\n\n\n\n<p>Durante a checagem do carro, a equipe identificou diverg\u00eancias entre o n\u00famero do chassi impresso no vidro e o n\u00famero registrado no ve\u00edculo. Com o apoio da Ag\u00eancia Regional de Intelig\u00eancia do Comando Regional 9, foi confirmado que o chassi pertencia a um ve\u00edculo roubado no estado de S\u00e3o Paulo. Diante disso, Cristiano Machado e o carro foram conduzidos \u00e0 delegacia local para as provid\u00eancias legais cab\u00edveis.<\/p>\n\n\n\n<p>A a\u00e7\u00e3o contou com a participa\u00e7\u00e3o do 1\u00ba Sargento Rubens, do Cabo Amaral, do 3\u00ba Sargento Leonan e do Cabo Caetano, com apoio da ARI CR9. O caso refor\u00e7a a aten\u00e7\u00e3o da Pol\u00edcia Militar de Alta Floresta no combate a crimes envolvendo ve\u00edculos clonados e roubados, garantindo a seguran\u00e7a da popula\u00e7\u00e3o e prevenindo fraudes que circulam no per\u00edmetro urbano da cidade.<\/p>\n","protected":false},"excerpt":{"rendered":"<p>A Pol\u00edcia Militar de Alta Floresta, por meio da equipe da For\u00e7a T\u00e1tica do 9\u00ba Comando Regional, apreendeu um ve\u00edculo suspeito de clonagem na regi\u00e3o do setor industrial da cidade. A a\u00e7\u00e3o ocorreu durante patrulhamento de rotina nesta ter\u00e7a-feira, 10 de mar\u00e7o, quando os policiais avistaram um Palio cinza escuro, placa OLW1C64, que apresentava ind\u00edcios [&hellip;]<\/p>\n","protected":false},"author":3,"featured_media":5683,"comment_status":"open","ping_status":"open","sticky":false,"template":"","format":"standard","meta":{"footnotes":""},"categories":[14],"tags":[89,93,956],"class_list":["post-5682","post","type-post","status-publish","format-standard","has-post-thumbnail","hentry","category-policia","tag-altafloresta","tag-policiamilitar","tag-importante"],"_links":{"self":[{"href":"https:\/\/diarionews.com.br\/index.php?rest_route=\/wp\/v2\/posts\/5682","targetHints":{"allow":["GET"]}}],"collection":[{"href":"https:\/\/diarionews.com.br\/index.php?rest_route=\/wp\/v2\/posts"}],"about":[{"href":"https:\/\/diarionews.com.br\/index.php?rest_route=\/wp\/v2\/types\/post"}],"author":[{"embeddable":true,"href":"https:\/\/diarionews.com.br\/index.php?rest_route=\/wp\/v2\/users\/3"}],"replies":[{"embeddable":true,"href":"https:\/\/diarionews.com.br\/index.php?rest_route=%2Fwp%2Fv2%2Fcomments&post=5682"}],"version-history":[{"count":1,"href":"https:\/\/diarionews.com.br\/index.php?rest_route=\/wp\/v2\/posts\/5682\/revisions"}],"predecessor-version":[{"id":5684,"href":"https:\/\/diarionews.com.br\/index.php?rest_route=\/wp\/v2\/posts\/5682\/revisions\/5684"}],"wp:featuredmedia":[{"embeddable":true,"href":"https:\/\/diarionews.com.br\/index.php?rest_route=\/wp\/v2\/media\/5683"}],"wp:attachment":[{"href":"https:\/\/diarionews.com.br\/index.php?rest_route=%2Fwp%2Fv2%2Fmedia&parent=5682"}],"wp:term":[{"taxonomy":"category","embeddable":true,"href":"https:\/\/diarionews.com.br\/index.php?rest_route=%2Fwp%2Fv2%2Fcategories&post=5682"},{"taxonomy":"post_tag","embeddable":true,"href":"https:\/\/diarionews.com.br\/index.php?rest_route=%2Fwp%2Fv2%2Ftags&post=5682"}],"curies":[{"name":"wp","href":"https:\/\/api.w.org\/{rel}","templated":true}]}}