{"id":5676,"date":"2026-03-11T06:45:17","date_gmt":"2026-03-11T10:45:17","guid":{"rendered":"https:\/\/diarionews.com.br\/?p=5676"},"modified":"2026-03-11T06:45:19","modified_gmt":"2026-03-11T10:45:19","slug":"nao-vao-peitar-o-tio-sam-fifa-garante-copa-de-2026","status":"publish","type":"post","link":"https:\/\/diarionews.com.br\/?p=5676","title":{"rendered":"N\u00e3o v\u00e3o peitar o Tio Sam: FIFA garante Copa de 2026"},"content":{"rendered":"\n<p>O diretor de opera\u00e7\u00f5es da Federa\u00e7\u00e3o Internacional de Futebol Associa\u00e7\u00e3o, FIFA, Heimo Schirgi, afirmou em evento realizado em Dallas, nos Estados Unidos, que a Copa do Mundo de 2026 n\u00e3o ser\u00e1 adiada, mesmo diante da atual escalada de conflitos no Oriente M\u00e9dio. A declara\u00e7\u00e3o veio em resposta a questionamentos sobre os impactos da guerra entre Estados Unidos, Israel e Ir\u00e3 na realiza\u00e7\u00e3o do maior evento de futebol do planeta. <\/p>\n\n\n\n<p>Schirgi destacou que o torneio, marcado para come\u00e7ar no dia 11 de junho nos pa\u00edses sede, Estados Unidos, M\u00e9xico e Canad\u00e1, \u00e9 um evento de \u201cdimens\u00e3o muito grande\u201d e segue conforme o calend\u00e1rio planejado. Segundo ele, a FIFA trabalha com a expectativa de que todas as sele\u00e7\u00f5es que se classificaram possam participar da competi\u00e7\u00e3o. <\/p>\n\n\n\n<p>Apesar da vontade da entidade em manter a programa\u00e7\u00e3o, a participa\u00e7\u00e3o de algumas sele\u00e7\u00f5es tem sido alvo de debate. O presidente da federa\u00e7\u00e3o de futebol do Ir\u00e3 colocou em d\u00favida a presen\u00e7a de sua equipe na competi\u00e7\u00e3o em meio ao conflito e \u00e0s tens\u00f5es diplom\u00e1ticas com na\u00e7\u00f5es envolvidas na guerra, o que gerou incertezas entre torcedores e especialistas. <\/p>\n\n\n\n<p>Al\u00e9m disso, sele\u00e7\u00f5es como a do Iraque pedem adiamentos em partidas de repescagem para garantir condi\u00e7\u00f5es log\u00edsticas e de seguran\u00e7a adequadas para seus jogadores, diante de restri\u00e7\u00f5es de deslocamento causadas pela guerra. A FIFA, contudo, afirma que acompanha de perto os desdobramentos e que n\u00e3o h\u00e1 planos de altera\u00e7\u00e3o nas datas ou na realiza\u00e7\u00e3o do Mundial. <\/p>\n","protected":false},"excerpt":{"rendered":"<p>O diretor de opera\u00e7\u00f5es da Federa\u00e7\u00e3o Internacional de Futebol Associa\u00e7\u00e3o, FIFA, Heimo Schirgi, afirmou em evento realizado em Dallas, nos Estados Unidos, que a Copa do Mundo de 2026 n\u00e3o ser\u00e1 adiada, mesmo diante da atual escalada de conflitos no Oriente M\u00e9dio. A declara\u00e7\u00e3o veio em resposta a questionamentos sobre os impactos da guerra entre [&hellip;]<\/p>\n","protected":false},"author":3,"featured_media":5294,"comment_status":"open","ping_status":"open","sticky":false,"template":"","format":"standard","meta":{"footnotes":""},"categories":[13],"tags":[],"class_list":["post-5676","post","type-post","status-publish","format-standard","has-post-thumbnail","hentry","category-esportes"],"_links":{"self":[{"href":"https:\/\/diarionews.com.br\/index.php?rest_route=\/wp\/v2\/posts\/5676","targetHints":{"allow":["GET"]}}],"collection":[{"href":"https:\/\/diarionews.com.br\/index.php?rest_route=\/wp\/v2\/posts"}],"about":[{"href":"https:\/\/diarionews.com.br\/index.php?rest_route=\/wp\/v2\/types\/post"}],"author":[{"embeddable":true,"href":"https:\/\/diarionews.com.br\/index.php?rest_route=\/wp\/v2\/users\/3"}],"replies":[{"embeddable":true,"href":"https:\/\/diarionews.com.br\/index.php?rest_route=%2Fwp%2Fv2%2Fcomments&post=5676"}],"version-history":[{"count":1,"href":"https:\/\/diarionews.com.br\/index.php?rest_route=\/wp\/v2\/posts\/5676\/revisions"}],"predecessor-version":[{"id":5677,"href":"https:\/\/diarionews.com.br\/index.php?rest_route=\/wp\/v2\/posts\/5676\/revisions\/5677"}],"wp:featuredmedia":[{"embeddable":true,"href":"https:\/\/diarionews.com.br\/index.php?rest_route=\/wp\/v2\/media\/5294"}],"wp:attachment":[{"href":"https:\/\/diarionews.com.br\/index.php?rest_route=%2Fwp%2Fv2%2Fmedia&parent=5676"}],"wp:term":[{"taxonomy":"category","embeddable":true,"href":"https:\/\/diarionews.com.br\/index.php?rest_route=%2Fwp%2Fv2%2Fcategories&post=5676"},{"taxonomy":"post_tag","embeddable":true,"href":"https:\/\/diarionews.com.br\/index.php?rest_route=%2Fwp%2Fv2%2Ftags&post=5676"}],"curies":[{"name":"wp","href":"https:\/\/api.w.org\/{rel}","templated":true}]}}