{"id":5662,"date":"2026-03-11T06:29:41","date_gmt":"2026-03-11T10:29:41","guid":{"rendered":"https:\/\/diarionews.com.br\/?p=5662"},"modified":"2026-03-11T06:29:43","modified_gmt":"2026-03-11T10:29:43","slug":"nao-deu-botafogo-perde-para-barcelona-equ-e-e-eliminado-da-libertadores","status":"publish","type":"post","link":"https:\/\/diarionews.com.br\/?p=5662","title":{"rendered":"N\u00e3o deu: Botafogo perde para Barcelona-EQU e \u00e9 eliminado da Libertadores"},"content":{"rendered":"\n<p>O Botafogo est\u00e1 fora da Copa Libertadores da Am\u00e9rica ap\u00f3s ser derrotado pelo Barcelona Sporting Club na noite de ter\u00e7a-feira, 10, no Est\u00e1dio Nilton Santos, no Rio de Janeiro. A equipe equatoriana venceu por 1 a 0 e garantiu vaga na fase de grupos da competi\u00e7\u00e3o continental.<\/p>\n\n\n\n<p>A partida era decisiva pela terceira fase preliminar do torneio. No jogo de ida, realizado no Equador, Botafogo de Futebol e Regatas e Barcelona haviam empatado por 1 a 1, deixando a decis\u00e3o totalmente aberta para o confronto no Brasil. Com o resultado no Rio de Janeiro, o time equatoriano avan\u00e7ou com vantagem no placar agregado.<\/p>\n\n\n\n<p>O \u00fanico gol da partida foi marcado ainda no primeiro tempo, garantindo a vit\u00f3ria do clube de Guayaquil. Mesmo com maior posse de bola e v\u00e1rias tentativas ofensivas ao longo da partida, o Botafogo n\u00e3o conseguiu transformar as oportunidades em gols e acabou eliminado diante da torcida.<\/p>\n\n\n\n<p>Com a classifica\u00e7\u00e3o, o Barcelona de Guayaquil assegurou presen\u00e7a na fase de grupos da Libertadores de 2026. J\u00e1 o Botafogo, ap\u00f3s a queda na etapa preliminar, passa a disputar a Copa Sul-Americana nesta temporada do futebol sul-americano. <\/p>\n\n\n\n<p>A elimina\u00e7\u00e3o encerra a participa\u00e7\u00e3o do clube carioca na principal competi\u00e7\u00e3o de clubes do continente neste ano, enquanto o time equatoriano segue vivo na busca por uma campanha mais longa no torneio organizado pela Confedera\u00e7\u00e3o Sul-Americana de Futebol.<\/p>\n","protected":false},"excerpt":{"rendered":"<p>O Botafogo est\u00e1 fora da Copa Libertadores da Am\u00e9rica ap\u00f3s ser derrotado pelo Barcelona Sporting Club na noite de ter\u00e7a-feira, 10, no Est\u00e1dio Nilton Santos, no Rio de Janeiro. A equipe equatoriana venceu por 1 a 0 e garantiu vaga na fase de grupos da competi\u00e7\u00e3o continental. A partida era decisiva pela terceira fase preliminar [&hellip;]<\/p>\n","protected":false},"author":3,"featured_media":5663,"comment_status":"open","ping_status":"open","sticky":false,"template":"","format":"standard","meta":{"footnotes":""},"categories":[13],"tags":[956],"class_list":["post-5662","post","type-post","status-publish","format-standard","has-post-thumbnail","hentry","category-esportes","tag-importante"],"_links":{"self":[{"href":"https:\/\/diarionews.com.br\/index.php?rest_route=\/wp\/v2\/posts\/5662","targetHints":{"allow":["GET"]}}],"collection":[{"href":"https:\/\/diarionews.com.br\/index.php?rest_route=\/wp\/v2\/posts"}],"about":[{"href":"https:\/\/diarionews.com.br\/index.php?rest_route=\/wp\/v2\/types\/post"}],"author":[{"embeddable":true,"href":"https:\/\/diarionews.com.br\/index.php?rest_route=\/wp\/v2\/users\/3"}],"replies":[{"embeddable":true,"href":"https:\/\/diarionews.com.br\/index.php?rest_route=%2Fwp%2Fv2%2Fcomments&post=5662"}],"version-history":[{"count":1,"href":"https:\/\/diarionews.com.br\/index.php?rest_route=\/wp\/v2\/posts\/5662\/revisions"}],"predecessor-version":[{"id":5664,"href":"https:\/\/diarionews.com.br\/index.php?rest_route=\/wp\/v2\/posts\/5662\/revisions\/5664"}],"wp:featuredmedia":[{"embeddable":true,"href":"https:\/\/diarionews.com.br\/index.php?rest_route=\/wp\/v2\/media\/5663"}],"wp:attachment":[{"href":"https:\/\/diarionews.com.br\/index.php?rest_route=%2Fwp%2Fv2%2Fmedia&parent=5662"}],"wp:term":[{"taxonomy":"category","embeddable":true,"href":"https:\/\/diarionews.com.br\/index.php?rest_route=%2Fwp%2Fv2%2Fcategories&post=5662"},{"taxonomy":"post_tag","embeddable":true,"href":"https:\/\/diarionews.com.br\/index.php?rest_route=%2Fwp%2Fv2%2Ftags&post=5662"}],"curies":[{"name":"wp","href":"https:\/\/api.w.org\/{rel}","templated":true}]}}