{"id":5659,"date":"2026-03-11T06:25:57","date_gmt":"2026-03-11T10:25:57","guid":{"rendered":"https:\/\/diarionews.com.br\/?p=5659"},"modified":"2026-03-11T06:26:00","modified_gmt":"2026-03-11T10:26:00","slug":"joao-fonseca-luta-mas-e-eliminado-por-sinner-em-indian-wells","status":"publish","type":"post","link":"https:\/\/diarionews.com.br\/?p=5659","title":{"rendered":"Jo\u00e3o Fonseca luta, mas \u00e9 eliminado por Sinner em Indian Wells"},"content":{"rendered":"\n<ul class=\"wp-block-list\">\n<li>O brasileiro Jo\u00e3o Fonseca foi eliminado nas oitavas de final do Indian Wells Open ap\u00f3s enfrentar o italiano Jannik Sinner, atual n\u00famero dois do ranking mundial. A partida foi disputada na noite de ter\u00e7a-feira, 10 de mar\u00e7o de 2026, nos Estados Unidos, e terminou com vit\u00f3ria do europeu por 2 sets a 0.<\/li>\n<\/ul>\n\n\n\n<p>Apesar da derrota, o jovem brasileiro de 19 anos fez um confronto equilibrado diante de um dos principais nomes do circuito. Sinner venceu com parciais de 7\/6 e 7\/6, em uma partida marcada por dois tie-breaks e momentos de grande disputa entre os tenistas.<\/p>\n\n\n\n<p>No primeiro set, Fonseca chegou a abrir vantagem no tie-break e teve tr\u00eas oportunidades para fechar a parcial, mas o italiano reagiu e conseguiu a virada no momento decisivo. J\u00e1 na segunda parcial, o brasileiro voltou a mostrar rea\u00e7\u00e3o ao buscar uma quebra quando o advers\u00e1rio sacava para a vit\u00f3ria, levando novamente o set para o desempate.<\/p>\n\n\n\n<p>A campanha do brasileiro no torneio foi considerada positiva. Durante o caminho at\u00e9 as oitavas de final, ele superou advers\u00e1rios fortes, como Karen Khachanov e Tommy Paul, demonstrando evolu\u00e7\u00e3o e competitividade contra jogadores do alto n\u00edvel do ranking mundial.<\/p>\n\n\n\n<p>Com a vit\u00f3ria, Sinner avan\u00e7ou para as quartas de final do torneio. J\u00e1 Fonseca encerra sua participa\u00e7\u00e3o no Masters 1000 norte-americano ap\u00f3s uma das campanhas mais relevantes de sua carreira at\u00e9 o momento, refor\u00e7ando seu crescimento no cen\u00e1rio internacional do t\u00eanis.<\/p>\n","protected":false},"excerpt":{"rendered":"<p>Apesar da derrota, o jovem brasileiro de 19 anos fez um confronto equilibrado diante de um dos principais nomes do circuito. Sinner venceu com parciais de 7\/6 e 7\/6, em uma partida marcada por dois tie-breaks e momentos de grande disputa entre os tenistas. No primeiro set, Fonseca chegou a abrir vantagem no tie-break e [&hellip;]<\/p>\n","protected":false},"author":3,"featured_media":5660,"comment_status":"open","ping_status":"open","sticky":false,"template":"","format":"standard","meta":{"footnotes":""},"categories":[13],"tags":[1576],"class_list":["post-5659","post","type-post","status-publish","format-standard","has-post-thumbnail","hentry","category-esportes","tag-joao-fonseca"],"_links":{"self":[{"href":"https:\/\/diarionews.com.br\/index.php?rest_route=\/wp\/v2\/posts\/5659","targetHints":{"allow":["GET"]}}],"collection":[{"href":"https:\/\/diarionews.com.br\/index.php?rest_route=\/wp\/v2\/posts"}],"about":[{"href":"https:\/\/diarionews.com.br\/index.php?rest_route=\/wp\/v2\/types\/post"}],"author":[{"embeddable":true,"href":"https:\/\/diarionews.com.br\/index.php?rest_route=\/wp\/v2\/users\/3"}],"replies":[{"embeddable":true,"href":"https:\/\/diarionews.com.br\/index.php?rest_route=%2Fwp%2Fv2%2Fcomments&post=5659"}],"version-history":[{"count":1,"href":"https:\/\/diarionews.com.br\/index.php?rest_route=\/wp\/v2\/posts\/5659\/revisions"}],"predecessor-version":[{"id":5661,"href":"https:\/\/diarionews.com.br\/index.php?rest_route=\/wp\/v2\/posts\/5659\/revisions\/5661"}],"wp:featuredmedia":[{"embeddable":true,"href":"https:\/\/diarionews.com.br\/index.php?rest_route=\/wp\/v2\/media\/5660"}],"wp:attachment":[{"href":"https:\/\/diarionews.com.br\/index.php?rest_route=%2Fwp%2Fv2%2Fmedia&parent=5659"}],"wp:term":[{"taxonomy":"category","embeddable":true,"href":"https:\/\/diarionews.com.br\/index.php?rest_route=%2Fwp%2Fv2%2Fcategories&post=5659"},{"taxonomy":"post_tag","embeddable":true,"href":"https:\/\/diarionews.com.br\/index.php?rest_route=%2Fwp%2Fv2%2Ftags&post=5659"}],"curies":[{"name":"wp","href":"https:\/\/api.w.org\/{rel}","templated":true}]}}