{"id":5651,"date":"2026-03-11T06:12:41","date_gmt":"2026-03-11T10:12:41","guid":{"rendered":"https:\/\/diarionews.com.br\/?p=5651"},"modified":"2026-03-11T06:12:42","modified_gmt":"2026-03-11T10:12:42","slug":"veiculo-furtado-e-recuperado-pela-pm-na-rodovia-mt-208-em-alta-floresta","status":"publish","type":"post","link":"https:\/\/diarionews.com.br\/?p=5651","title":{"rendered":"Ve\u00edculo furtado \u00e9 recuperado pela PM na rodovia MT-208 em Alta Floresta"},"content":{"rendered":"\n<p>Um ve\u00edculo com registro de furto foi recuperado pela Pol\u00edcia Militar na noite de ter\u00e7a-feira, 10, na rodovia MT-208, nas proximidades da entrada do bairro Jardim Primavera, em Alta Floresta. A ocorr\u00eancia foi registrada por volta das 21h25, ap\u00f3s informa\u00e7\u00f5es repassadas pelo Centro de Opera\u00e7\u00f5es da Pol\u00edcia Militar, o COPOM.<\/p>\n\n\n\n<p>De acordo com o boletim policial, a equipe foi informada de que um autom\u00f3vel havia perdido o controle e sa\u00eddo da pista na rodovia. Ainda conforme a den\u00fancia, uma pessoa, possivelmente do sexo masculino, teria deixado o ve\u00edculo e fugido correndo em dire\u00e7\u00e3o ignorada logo ap\u00f3s o acidente.<\/p>\n\n\n\n<p>Ao chegar ao local indicado, os policiais localizaram um Fiat P\u00e1lio, de cor cinza, com a chave ainda na igni\u00e7\u00e3o. O carro apresentava avarias na lateral esquerda e estava com o pneu dianteiro esquerdo estourado, evidenciando sinais do impacto que provocou a sa\u00edda de pista.<\/p>\n\n\n\n<p>Durante a checagem das informa\u00e7\u00f5es do ve\u00edculo, a guarni\u00e7\u00e3o recebeu a confirma\u00e7\u00e3o de uma equipe policial do munic\u00edpio de Nova Cana\u00e3 do Norte de que o autom\u00f3vel havia sido furtado no dia 6 de mar\u00e7o de 2026, conforme registro em boletim de ocorr\u00eancia naquele munic\u00edpio.<\/p>\n\n\n\n<p>Diante da confirma\u00e7\u00e3o do furto, o ve\u00edculo foi recolhido com aux\u00edlio de um guincho e encaminhado para a Delegacia de Pol\u00edcia Civil de Alta Floresta. O caso ser\u00e1 investigado e as autoridades buscam identificar o suspeito que fugiu do local.<\/p>\n","protected":false},"excerpt":{"rendered":"<p>Um ve\u00edculo com registro de furto foi recuperado pela Pol\u00edcia Militar na noite de ter\u00e7a-feira, 10, na rodovia MT-208, nas proximidades da entrada do bairro Jardim Primavera, em Alta Floresta. A ocorr\u00eancia foi registrada por volta das 21h25, ap\u00f3s informa\u00e7\u00f5es repassadas pelo Centro de Opera\u00e7\u00f5es da Pol\u00edcia Militar, o COPOM. De acordo com o boletim [&hellip;]<\/p>\n","protected":false},"author":3,"featured_media":5097,"comment_status":"open","ping_status":"open","sticky":false,"template":"","format":"standard","meta":{"footnotes":""},"categories":[21,14],"tags":[956],"class_list":["post-5651","post","type-post","status-publish","format-standard","has-post-thumbnail","hentry","category-regiao","category-policia","tag-importante"],"_links":{"self":[{"href":"https:\/\/diarionews.com.br\/index.php?rest_route=\/wp\/v2\/posts\/5651","targetHints":{"allow":["GET"]}}],"collection":[{"href":"https:\/\/diarionews.com.br\/index.php?rest_route=\/wp\/v2\/posts"}],"about":[{"href":"https:\/\/diarionews.com.br\/index.php?rest_route=\/wp\/v2\/types\/post"}],"author":[{"embeddable":true,"href":"https:\/\/diarionews.com.br\/index.php?rest_route=\/wp\/v2\/users\/3"}],"replies":[{"embeddable":true,"href":"https:\/\/diarionews.com.br\/index.php?rest_route=%2Fwp%2Fv2%2Fcomments&post=5651"}],"version-history":[{"count":1,"href":"https:\/\/diarionews.com.br\/index.php?rest_route=\/wp\/v2\/posts\/5651\/revisions"}],"predecessor-version":[{"id":5652,"href":"https:\/\/diarionews.com.br\/index.php?rest_route=\/wp\/v2\/posts\/5651\/revisions\/5652"}],"wp:featuredmedia":[{"embeddable":true,"href":"https:\/\/diarionews.com.br\/index.php?rest_route=\/wp\/v2\/media\/5097"}],"wp:attachment":[{"href":"https:\/\/diarionews.com.br\/index.php?rest_route=%2Fwp%2Fv2%2Fmedia&parent=5651"}],"wp:term":[{"taxonomy":"category","embeddable":true,"href":"https:\/\/diarionews.com.br\/index.php?rest_route=%2Fwp%2Fv2%2Fcategories&post=5651"},{"taxonomy":"post_tag","embeddable":true,"href":"https:\/\/diarionews.com.br\/index.php?rest_route=%2Fwp%2Fv2%2Ftags&post=5651"}],"curies":[{"name":"wp","href":"https:\/\/api.w.org\/{rel}","templated":true}]}}