{"id":5637,"date":"2026-03-10T10:30:35","date_gmt":"2026-03-10T14:30:35","guid":{"rendered":"https:\/\/diarionews.com.br\/?p=5637"},"modified":"2026-03-10T10:30:37","modified_gmt":"2026-03-10T14:30:37","slug":"dana-white-elogia-poatan-e-alerta-sobre-luta-historica-no-ufc","status":"publish","type":"post","link":"https:\/\/diarionews.com.br\/?p=5637","title":{"rendered":"Dana White elogia Poatan e alerta sobre luta hist\u00f3rica no UFC"},"content":{"rendered":"\n<p>O presidente do UFC, Dana White, elogiou o brasileiro Alex Pereira ao comentar sobre o confronto hist\u00f3rico que o lutador far\u00e1 no evento especial do Ultimate programado para a Casa Branca, nos Estados Unidos. Apesar dos elogios, o dirigente tamb\u00e9m fez um alerta sobre a dificuldade do desafio que o brasileiro ter\u00e1 pela frente na disputa contra o franc\u00eas Ciryl Gane.<\/p>\n\n\n\n<p>A luta est\u00e1 marcada para o dia 14 de junho e far\u00e1 parte de um card considerado hist\u00f3rico pela organiza\u00e7\u00e3o. No duelo, Poatan subir\u00e1 para a categoria dos pesos pesados para enfrentar Gane pelo cintur\u00e3o interino da divis\u00e3o. Caso ven\u00e7a, o brasileiro pode alcan\u00e7ar um feito in\u00e9dito e se tornar o primeiro atleta da hist\u00f3ria do UFC a conquistar t\u00edtulos em tr\u00eas categorias diferentes.<\/p>\n\n\n\n<p>Durante entrevista coletiva ap\u00f3s um evento recente do UFC, Dana White destacou a postura e a mentalidade competitiva do lutador brasileiro. Segundo ele, Poatan \u00e9 um atleta que sempre aceita grandes desafios e merece a oportunidade de buscar um novo cintur\u00e3o na organiza\u00e7\u00e3o. O dirigente afirmou ainda que o brasileiro se tornou um dos lutadores mais singulares com quem j\u00e1 trabalhou dentro do esporte.<\/p>\n\n\n\n<p>Apesar do reconhecimento, White fez quest\u00e3o de destacar que o advers\u00e1rio representa um grande risco no oct\u00f3gono. De acordo com o dirigente, Ciryl Gane possui um estilo diferente do que normalmente se v\u00ea na divis\u00e3o dos pesados, com movimenta\u00e7\u00e3o e t\u00e9cnica que podem tornar o confronto bastante complicado para o brasileiro. Por isso, a expectativa \u00e9 de uma luta equilibrada e emocionante no evento especial que o UFC pretende realizar em Washington.<\/p>\n","protected":false},"excerpt":{"rendered":"<p>O presidente do UFC, Dana White, elogiou o brasileiro Alex Pereira ao comentar sobre o confronto hist\u00f3rico que o lutador far\u00e1 no evento especial do Ultimate programado para a Casa Branca, nos Estados Unidos. Apesar dos elogios, o dirigente tamb\u00e9m fez um alerta sobre a dificuldade do desafio que o brasileiro ter\u00e1 pela frente na [&hellip;]<\/p>\n","protected":false},"author":1,"featured_media":5638,"comment_status":"open","ping_status":"open","sticky":false,"template":"","format":"standard","meta":{"footnotes":""},"categories":[13],"tags":[],"class_list":["post-5637","post","type-post","status-publish","format-standard","has-post-thumbnail","hentry","category-esportes"],"_links":{"self":[{"href":"https:\/\/diarionews.com.br\/index.php?rest_route=\/wp\/v2\/posts\/5637","targetHints":{"allow":["GET"]}}],"collection":[{"href":"https:\/\/diarionews.com.br\/index.php?rest_route=\/wp\/v2\/posts"}],"about":[{"href":"https:\/\/diarionews.com.br\/index.php?rest_route=\/wp\/v2\/types\/post"}],"author":[{"embeddable":true,"href":"https:\/\/diarionews.com.br\/index.php?rest_route=\/wp\/v2\/users\/1"}],"replies":[{"embeddable":true,"href":"https:\/\/diarionews.com.br\/index.php?rest_route=%2Fwp%2Fv2%2Fcomments&post=5637"}],"version-history":[{"count":1,"href":"https:\/\/diarionews.com.br\/index.php?rest_route=\/wp\/v2\/posts\/5637\/revisions"}],"predecessor-version":[{"id":5639,"href":"https:\/\/diarionews.com.br\/index.php?rest_route=\/wp\/v2\/posts\/5637\/revisions\/5639"}],"wp:featuredmedia":[{"embeddable":true,"href":"https:\/\/diarionews.com.br\/index.php?rest_route=\/wp\/v2\/media\/5638"}],"wp:attachment":[{"href":"https:\/\/diarionews.com.br\/index.php?rest_route=%2Fwp%2Fv2%2Fmedia&parent=5637"}],"wp:term":[{"taxonomy":"category","embeddable":true,"href":"https:\/\/diarionews.com.br\/index.php?rest_route=%2Fwp%2Fv2%2Fcategories&post=5637"},{"taxonomy":"post_tag","embeddable":true,"href":"https:\/\/diarionews.com.br\/index.php?rest_route=%2Fwp%2Fv2%2Ftags&post=5637"}],"curies":[{"name":"wp","href":"https:\/\/api.w.org\/{rel}","templated":true}]}}