{"id":5605,"date":"2026-03-10T06:35:32","date_gmt":"2026-03-10T10:35:32","guid":{"rendered":"https:\/\/diarionews.com.br\/?p=5605"},"modified":"2026-03-10T06:35:34","modified_gmt":"2026-03-10T10:35:34","slug":"briga-em-cruzeiro-x-atletico-pode-gerar-suspensoes-e-punicoes","status":"publish","type":"post","link":"https:\/\/diarionews.com.br\/?p=5605","title":{"rendered":"Briga em Cruzeiro x Atl\u00e9tico pode gerar suspens\u00f5es e puni\u00e7\u00f5es"},"content":{"rendered":"\n<p>A final do Campeonato Mineiro entre Cruzeiro e Atl\u00e9tico Mineiro terminou marcada por uma briga generalizada dentro de campo. A confus\u00e3o ocorreu nos instantes finais da partida disputada no est\u00e1dio Mineir\u00e3o, logo ap\u00f3s um desentendimento entre o goleiro Everson, do Atl\u00e9tico, e o jogador Christian, do Cruzeiro.<\/p>\n\n\n\n<p>O confronto acabou escalando rapidamente e envolveu atletas, reservas e membros das comiss\u00f5es t\u00e9cnicas das duas equipes. Ap\u00f3s analisar o ocorrido, o \u00e1rbitro registrou um total de 23 expuls\u00f5es na s\u00famula do jogo, sendo 12 jogadores do Cruzeiro e 11 do Atl\u00e9tico. A partida terminou com vit\u00f3ria do Cruzeiro por 1 a 0, resultado que garantiu o t\u00edtulo estadual, mas o epis\u00f3dio de viol\u00eancia acabou ganhando destaque maior do que o pr\u00f3prio resultado em campo.<\/p>\n\n\n\n<p>Agora, o caso ser\u00e1 analisado pela Procuradoria do Tribunal de Justi\u00e7a Desportiva, o TJD, respons\u00e1vel por avaliar as imagens da partida e a s\u00famula da arbitragem. O \u00f3rg\u00e3o tem prazo de at\u00e9 30 dias para decidir se apresenta den\u00fancias contra os envolvidos e quais artigos do C\u00f3digo Brasileiro de Justi\u00e7a Desportiva poder\u00e3o ser aplicados.<\/p>\n\n\n\n<p>Especialistas em direito desportivo apontam que as puni\u00e7\u00f5es podem ser pesadas. Em situa\u00e7\u00f5es de agress\u00e3o f\u00edsica ou participa\u00e7\u00e3o em briga, as suspens\u00f5es podem variar de quatro a at\u00e9 12 partidas, dependendo do grau de envolvimento de cada jogador no epis\u00f3dio. As san\u00e7\u00f5es ainda podem impactar competi\u00e7\u00f5es como o Campeonato Brasileiro e a Copa do Brasil.<\/p>\n\n\n\n<p><\/p>\n","protected":false},"excerpt":{"rendered":"<p>A final do Campeonato Mineiro entre Cruzeiro e Atl\u00e9tico Mineiro terminou marcada por uma briga generalizada dentro de campo. A confus\u00e3o ocorreu nos instantes finais da partida disputada no est\u00e1dio Mineir\u00e3o, logo ap\u00f3s um desentendimento entre o goleiro Everson, do Atl\u00e9tico, e o jogador Christian, do Cruzeiro. O confronto acabou escalando rapidamente e envolveu atletas, [&hellip;]<\/p>\n","protected":false},"author":3,"featured_media":5606,"comment_status":"open","ping_status":"open","sticky":false,"template":"","format":"standard","meta":{"footnotes":""},"categories":[13],"tags":[1406,1563,1466,956,1562],"class_list":["post-5605","post","type-post","status-publish","format-standard","has-post-thumbnail","hentry","category-esportes","tag-briga-2","tag-campeonato_mineiro","tag-grave","tag-importante","tag-mineirao"],"_links":{"self":[{"href":"https:\/\/diarionews.com.br\/index.php?rest_route=\/wp\/v2\/posts\/5605","targetHints":{"allow":["GET"]}}],"collection":[{"href":"https:\/\/diarionews.com.br\/index.php?rest_route=\/wp\/v2\/posts"}],"about":[{"href":"https:\/\/diarionews.com.br\/index.php?rest_route=\/wp\/v2\/types\/post"}],"author":[{"embeddable":true,"href":"https:\/\/diarionews.com.br\/index.php?rest_route=\/wp\/v2\/users\/3"}],"replies":[{"embeddable":true,"href":"https:\/\/diarionews.com.br\/index.php?rest_route=%2Fwp%2Fv2%2Fcomments&post=5605"}],"version-history":[{"count":1,"href":"https:\/\/diarionews.com.br\/index.php?rest_route=\/wp\/v2\/posts\/5605\/revisions"}],"predecessor-version":[{"id":5607,"href":"https:\/\/diarionews.com.br\/index.php?rest_route=\/wp\/v2\/posts\/5605\/revisions\/5607"}],"wp:featuredmedia":[{"embeddable":true,"href":"https:\/\/diarionews.com.br\/index.php?rest_route=\/wp\/v2\/media\/5606"}],"wp:attachment":[{"href":"https:\/\/diarionews.com.br\/index.php?rest_route=%2Fwp%2Fv2%2Fmedia&parent=5605"}],"wp:term":[{"taxonomy":"category","embeddable":true,"href":"https:\/\/diarionews.com.br\/index.php?rest_route=%2Fwp%2Fv2%2Fcategories&post=5605"},{"taxonomy":"post_tag","embeddable":true,"href":"https:\/\/diarionews.com.br\/index.php?rest_route=%2Fwp%2Fv2%2Ftags&post=5605"}],"curies":[{"name":"wp","href":"https:\/\/api.w.org\/{rel}","templated":true}]}}