{"id":5549,"date":"2026-03-09T09:09:00","date_gmt":"2026-03-09T13:09:00","guid":{"rendered":"https:\/\/diarionews.com.br\/?p=5549"},"modified":"2026-03-09T07:11:10","modified_gmt":"2026-03-09T11:11:10","slug":"palmeiras-vence-novorizontino-e-conquista-paulistao-pela-quarta-vez-em-cinco-anos","status":"publish","type":"post","link":"https:\/\/diarionews.com.br\/?p=5549","title":{"rendered":"Palmeiras vence Novorizontino e conquista Paulist\u00e3o pela quarta vez em cinco anos"},"content":{"rendered":"\n<p>O Palmeiras conquistou neste domingo, 8 de mar\u00e7o, o t\u00edtulo do Campeonato Paulista de 2026 ao vencer o <em>Novorizontino<\/em> por 2 a 1 na partida de volta da final realizada no Est\u00e1dio Jorge Ismael de Biasi, em Novo Horizonte, interior de S\u00e3o Paulo. O triunfo consolidou a vantagem constru\u00edda na ida, quando o Verd\u00e3o j\u00e1 havia vencido por 1 a 0, resultando em um placar agregado de 3 a 1 a favor do clube palmeirense.<\/p>\n\n\n\n<p>Os gols da partida de volta foram marcados por Murilo, logo no in\u00edcio do primeiro tempo, e por Vitor Roque na segunda etapa, garantindo a virada no jogo decisivo. O <em>Novorizontino<\/em>, atuando como mandante, chegou a empatar temporariamente com Matheus Bianqui ainda no primeiro tempo, mas n\u00e3o conseguiu evitar a conquista do t\u00edtulo pelo Palmeiras.<\/p>\n\n\n\n<p>Essa conquista representa a 27\u00aa vez que o Palmeiras ergue a ta\u00e7a do Campeonato Paulista e a quarta nos \u00faltimos cinco anos, refor\u00e7ando o dom\u00ednio da equipe no estadual sob o comando do t\u00e9cnico Abel Ferreira. O t\u00edtulo tamb\u00e9m marca mais um cap\u00edtulo na hist\u00f3ria vitoriosa do clube, que segue entre os principais vencedores do futebol brasileiro no cen\u00e1rio regional e nacional.<\/p>\n\n\n\n<p>A campanha do Palmeiras foi marcada pela consist\u00eancia ao longo da temporada estadual, com boa atua\u00e7\u00e3o tanto no jogo de ida quanto na partida de volta da final, mesmo em condi\u00e7\u00f5es dif\u00edceis de jogo devido \u00e0 forte chuva que afetou o gramado. <\/p>\n","protected":false},"excerpt":{"rendered":"<p>O Palmeiras conquistou neste domingo, 8 de mar\u00e7o, o t\u00edtulo do Campeonato Paulista de 2026 ao vencer o Novorizontino por 2 a 1 na partida de volta da final realizada no Est\u00e1dio Jorge Ismael de Biasi, em Novo Horizonte, interior de S\u00e3o Paulo. O triunfo consolidou a vantagem constru\u00edda na ida, quando o Verd\u00e3o j\u00e1 [&hellip;]<\/p>\n","protected":false},"author":3,"featured_media":5550,"comment_status":"open","ping_status":"open","sticky":false,"template":"","format":"standard","meta":{"footnotes":""},"categories":[13],"tags":[1553,1408,956,485],"class_list":["post-5549","post","type-post","status-publish","format-standard","has-post-thumbnail","hentry","category-esportes","tag-campeao","tag-campeonato-paulista","tag-importante","tag-palmeiras"],"_links":{"self":[{"href":"https:\/\/diarionews.com.br\/index.php?rest_route=\/wp\/v2\/posts\/5549","targetHints":{"allow":["GET"]}}],"collection":[{"href":"https:\/\/diarionews.com.br\/index.php?rest_route=\/wp\/v2\/posts"}],"about":[{"href":"https:\/\/diarionews.com.br\/index.php?rest_route=\/wp\/v2\/types\/post"}],"author":[{"embeddable":true,"href":"https:\/\/diarionews.com.br\/index.php?rest_route=\/wp\/v2\/users\/3"}],"replies":[{"embeddable":true,"href":"https:\/\/diarionews.com.br\/index.php?rest_route=%2Fwp%2Fv2%2Fcomments&post=5549"}],"version-history":[{"count":1,"href":"https:\/\/diarionews.com.br\/index.php?rest_route=\/wp\/v2\/posts\/5549\/revisions"}],"predecessor-version":[{"id":5551,"href":"https:\/\/diarionews.com.br\/index.php?rest_route=\/wp\/v2\/posts\/5549\/revisions\/5551"}],"wp:featuredmedia":[{"embeddable":true,"href":"https:\/\/diarionews.com.br\/index.php?rest_route=\/wp\/v2\/media\/5550"}],"wp:attachment":[{"href":"https:\/\/diarionews.com.br\/index.php?rest_route=%2Fwp%2Fv2%2Fmedia&parent=5549"}],"wp:term":[{"taxonomy":"category","embeddable":true,"href":"https:\/\/diarionews.com.br\/index.php?rest_route=%2Fwp%2Fv2%2Fcategories&post=5549"},{"taxonomy":"post_tag","embeddable":true,"href":"https:\/\/diarionews.com.br\/index.php?rest_route=%2Fwp%2Fv2%2Ftags&post=5549"}],"curies":[{"name":"wp","href":"https:\/\/api.w.org\/{rel}","templated":true}]}}