{"id":5543,"date":"2026-03-09T08:55:00","date_gmt":"2026-03-09T12:55:00","guid":{"rendered":"https:\/\/diarionews.com.br\/?p=5543"},"modified":"2026-03-09T07:02:31","modified_gmt":"2026-03-09T11:02:31","slug":"dois-homens-sao-presos-por-incendio-criminoso-em-residencia-de-paranaita","status":"publish","type":"post","link":"https:\/\/diarionews.com.br\/?p=5543","title":{"rendered":"Dois homens s\u00e3o presos por inc\u00eandio criminoso em resid\u00eancia de Paranait\u00e1"},"content":{"rendered":"\n<p>Na tarde de domingo, 8 de mar\u00e7o, a Pol\u00edcia Militar de Parana\u00edta prendeu dois homens suspeitos de atear fogo em uma resid\u00eancia particular no munic\u00edpio. A a\u00e7\u00e3o foi flagrada por um vizinho, que acionou as autoridades e forneceu informa\u00e7\u00f5es detalhadas sobre os suspeitos, incluindo a descri\u00e7\u00e3o das roupas e do ve\u00edculo utilizado, al\u00e9m de imagens de c\u00e2meras de seguran\u00e7a que registraram o crime.<\/p>\n\n\n\n<p>Segundo relatos, um dos suspeitos vestia bermuda preta e estava sem camisa, carregando um gal\u00e3o com combust\u00edvel, enquanto o outro usava bermuda e camisa azul. Durante as dilig\u00eancias, a pol\u00edcia localizou os dois homens ainda com as mesmas vestimentas, e parte da bermuda de um apresentava sinais de queimadura. Um dos suspeitos admitiu a participa\u00e7\u00e3o no inc\u00eandio e afirmou que um vizinho o teria chamado para \u201cacertar uma conta\u201d com a v\u00edtima, ordenando que incendiasse o im\u00f3vel.<\/p>\n\n\n\n<p>Na resid\u00eancia de um dos suspeitos, os policiais encontraram diversos gal\u00f5es com combust\u00edvel inflam\u00e1vel e o ve\u00edculo utilizado no crime. Todo o material foi apreendido e levado ao pelot\u00e3o para registro e posterior apresenta\u00e7\u00e3o na Delegacia de Pol\u00edcia Civil, garantindo que n\u00e3o houvesse risco de novos incidentes na \u00e1rea.<\/p>\n\n\n\n<p>Os suspeitos foram conduzidos sem uso de algemas e sem apresentar les\u00f5es, e o caso foi registrado pelos policiais como inc\u00eandio, dano e viola\u00e7\u00e3o de domic\u00edlio. A a\u00e7\u00e3o demonstra a efici\u00eancia da Pol\u00edcia Militar de Paranaita, que, com apoio das testemunhas e das evid\u00eancias coletadas, conseguiu localizar os envolvidos rapidamente e evitar maiores danos \u00e0 v\u00edtima e \u00e0 resid\u00eancia.<\/p>\n","protected":false},"excerpt":{"rendered":"<p>Na tarde de domingo, 8 de mar\u00e7o, a Pol\u00edcia Militar de Parana\u00edta prendeu dois homens suspeitos de atear fogo em uma resid\u00eancia particular no munic\u00edpio. A a\u00e7\u00e3o foi flagrada por um vizinho, que acionou as autoridades e forneceu informa\u00e7\u00f5es detalhadas sobre os suspeitos, incluindo a descri\u00e7\u00e3o das roupas e do ve\u00edculo utilizado, al\u00e9m de imagens [&hellip;]<\/p>\n","protected":false},"author":3,"featured_media":5544,"comment_status":"open","ping_status":"open","sticky":false,"template":"","format":"standard","meta":{"footnotes":""},"categories":[14,21],"tags":[956,1555,1378,743],"class_list":["post-5543","post","type-post","status-publish","format-standard","has-post-thumbnail","hentry","category-policia","category-regiao","tag-importante","tag-incendiarios","tag-ocorrencias","tag-paranaita"],"_links":{"self":[{"href":"https:\/\/diarionews.com.br\/index.php?rest_route=\/wp\/v2\/posts\/5543","targetHints":{"allow":["GET"]}}],"collection":[{"href":"https:\/\/diarionews.com.br\/index.php?rest_route=\/wp\/v2\/posts"}],"about":[{"href":"https:\/\/diarionews.com.br\/index.php?rest_route=\/wp\/v2\/types\/post"}],"author":[{"embeddable":true,"href":"https:\/\/diarionews.com.br\/index.php?rest_route=\/wp\/v2\/users\/3"}],"replies":[{"embeddable":true,"href":"https:\/\/diarionews.com.br\/index.php?rest_route=%2Fwp%2Fv2%2Fcomments&post=5543"}],"version-history":[{"count":1,"href":"https:\/\/diarionews.com.br\/index.php?rest_route=\/wp\/v2\/posts\/5543\/revisions"}],"predecessor-version":[{"id":5545,"href":"https:\/\/diarionews.com.br\/index.php?rest_route=\/wp\/v2\/posts\/5543\/revisions\/5545"}],"wp:featuredmedia":[{"embeddable":true,"href":"https:\/\/diarionews.com.br\/index.php?rest_route=\/wp\/v2\/media\/5544"}],"wp:attachment":[{"href":"https:\/\/diarionews.com.br\/index.php?rest_route=%2Fwp%2Fv2%2Fmedia&parent=5543"}],"wp:term":[{"taxonomy":"category","embeddable":true,"href":"https:\/\/diarionews.com.br\/index.php?rest_route=%2Fwp%2Fv2%2Fcategories&post=5543"},{"taxonomy":"post_tag","embeddable":true,"href":"https:\/\/diarionews.com.br\/index.php?rest_route=%2Fwp%2Fv2%2Ftags&post=5543"}],"curies":[{"name":"wp","href":"https:\/\/api.w.org\/{rel}","templated":true}]}}