{"id":5477,"date":"2026-03-06T15:00:38","date_gmt":"2026-03-06T19:00:38","guid":{"rendered":"https:\/\/diarionews.com.br\/?p=5477"},"modified":"2026-03-06T15:00:40","modified_gmt":"2026-03-06T19:00:40","slug":"defesa-pede-que-stf-investigue-vazamento-de-mensagens-de-vorcaro","status":"publish","type":"post","link":"https:\/\/diarionews.com.br\/?p=5477","title":{"rendered":"Defesa pede que STF investigue vazamento de mensagens de Vorcaro"},"content":{"rendered":"\n<p>A defesa do banqueiro Daniel Vorcaro solicitou ao Supremo Tribunal Federal a abertura de uma investiga\u00e7\u00e3o para apurar o vazamento de mensagens pessoais extra\u00eddas do celular do empres\u00e1rio. Segundo os advogados, parte do conte\u00fado divulgado inclui conversas \u00edntimas e supostos di\u00e1logos com autoridades, inclusive com o ministro Alexandre de Moraes.<\/p>\n\n\n\n<p>De acordo com a defesa, mensagens atribu\u00eddas ao banqueiro passaram a circular em ve\u00edculos de comunica\u00e7\u00e3o mesmo antes de o material ter sido acessado formalmente pelos pr\u00f3prios advogados. Os representantes afirmam que o espelhamento do celular foi realizado, mas o conte\u00fado ainda estaria lacrado e sem an\u00e1lise oficial, o que levantou suspeitas sobre poss\u00edvel vazamento de dados sigilosos.<\/p>\n\n\n<div class=\"wp-block-image\">\n<figure class=\"alignright size-full\"><img loading=\"lazy\" decoding=\"async\" width=\"237\" height=\"213\" src=\"https:\/\/diarionews.com.br\/wp-content\/uploads\/2026\/03\/wpp-vorcado.jpeg\" alt=\"\" class=\"wp-image-5478\" srcset=\"https:\/\/diarionews.com.br\/wp-content\/uploads\/2026\/03\/wpp-vorcado.jpeg 237w, https:\/\/diarionews.com.br\/wp-content\/uploads\/2026\/03\/wpp-vorcado-150x135.jpeg 150w\" sizes=\"auto, (max-width: 237px) 100vw, 237px\" \/><\/figure><\/div>\n\n\n<p>Em nota, os advogados afirmaram que o pedido ao Supremo tem como objetivo identificar a origem do vazamento e apontar quem teve acesso ao material apreendido. A defesa pediu ainda que a autoridade respons\u00e1vel apresente a rela\u00e7\u00e3o de todas as pessoas que tiveram contato com os aparelhos ou com os dados extra\u00eddos deles.<\/p>\n\n\n\n<p>Os advogados ressaltaram que a solicita\u00e7\u00e3o n\u00e3o pretende investigar jornalistas ou terceiros que tenham recebido as informa\u00e7\u00f5es divulgadas. Segundo a defesa, o foco \u00e9 identificar eventuais autoridades ou servidores que tinham a responsabilidade de manter o sigilo do material e que possam ter descumprido esse dever funcional.<\/p>\n\n\n\n<p>O conte\u00fado divulgado inclui mensagens que mencionariam encontros com autoridades e tratativas envolvendo o banco controlado por Vorcaro. O caso ocorre em meio \u00e0s investiga\u00e7\u00f5es relacionadas ao Banco Master, que \u00e9 alvo de apura\u00e7\u00f5es conduzidas pela Pol\u00edcia Federal sobre suspeitas de irregularidades financeiras e outros crimes.<\/p>\n\n\n\n<p>A divulga\u00e7\u00e3o das conversas aumentou a repercuss\u00e3o pol\u00edtica e jur\u00eddica do caso, que j\u00e1 \u00e9 considerado um dos epis\u00f3dios mais sens\u00edveis das investiga\u00e7\u00f5es envolvendo o sistema financeiro e poss\u00edveis rela\u00e7\u00f5es com autoridades p\u00fablicas no pa\u00eds.<\/p>\n","protected":false},"excerpt":{"rendered":"<p>A defesa do banqueiro Daniel Vorcaro solicitou ao Supremo Tribunal Federal a abertura de uma investiga\u00e7\u00e3o para apurar o vazamento de mensagens pessoais extra\u00eddas do celular do empres\u00e1rio. Segundo os advogados, parte do conte\u00fado divulgado inclui conversas \u00edntimas e supostos di\u00e1logos com autoridades, inclusive com o ministro Alexandre de Moraes. De acordo com a defesa, [&hellip;]<\/p>\n","protected":false},"author":1,"featured_media":5479,"comment_status":"open","ping_status":"open","sticky":false,"template":"","format":"standard","meta":{"footnotes":""},"categories":[12,19],"tags":[1530,956],"class_list":["post-5477","post","type-post","status-publish","format-standard","has-post-thumbnail","hentry","category-nacionais","category-politica","tag-daniel-vorcaro","tag-importante"],"_links":{"self":[{"href":"https:\/\/diarionews.com.br\/index.php?rest_route=\/wp\/v2\/posts\/5477","targetHints":{"allow":["GET"]}}],"collection":[{"href":"https:\/\/diarionews.com.br\/index.php?rest_route=\/wp\/v2\/posts"}],"about":[{"href":"https:\/\/diarionews.com.br\/index.php?rest_route=\/wp\/v2\/types\/post"}],"author":[{"embeddable":true,"href":"https:\/\/diarionews.com.br\/index.php?rest_route=\/wp\/v2\/users\/1"}],"replies":[{"embeddable":true,"href":"https:\/\/diarionews.com.br\/index.php?rest_route=%2Fwp%2Fv2%2Fcomments&post=5477"}],"version-history":[{"count":1,"href":"https:\/\/diarionews.com.br\/index.php?rest_route=\/wp\/v2\/posts\/5477\/revisions"}],"predecessor-version":[{"id":5480,"href":"https:\/\/diarionews.com.br\/index.php?rest_route=\/wp\/v2\/posts\/5477\/revisions\/5480"}],"wp:featuredmedia":[{"embeddable":true,"href":"https:\/\/diarionews.com.br\/index.php?rest_route=\/wp\/v2\/media\/5479"}],"wp:attachment":[{"href":"https:\/\/diarionews.com.br\/index.php?rest_route=%2Fwp%2Fv2%2Fmedia&parent=5477"}],"wp:term":[{"taxonomy":"category","embeddable":true,"href":"https:\/\/diarionews.com.br\/index.php?rest_route=%2Fwp%2Fv2%2Fcategories&post=5477"},{"taxonomy":"post_tag","embeddable":true,"href":"https:\/\/diarionews.com.br\/index.php?rest_route=%2Fwp%2Fv2%2Ftags&post=5477"}],"curies":[{"name":"wp","href":"https:\/\/api.w.org\/{rel}","templated":true}]}}