{"id":5443,"date":"2026-03-05T06:53:16","date_gmt":"2026-03-05T10:53:16","guid":{"rendered":"https:\/\/diarionews.com.br\/?p=5443"},"modified":"2026-03-05T06:53:17","modified_gmt":"2026-03-05T10:53:17","slug":"acidente-com-fuga-e-registrado-em-cruzamento-de-alta-floresta","status":"publish","type":"post","link":"https:\/\/diarionews.com.br\/?p=5443","title":{"rendered":"Acidente com fuga \u00e9 registrado em cruzamento de Alta Floresta"},"content":{"rendered":"\n<p>Um caso de omiss\u00e3o de socorro na dire\u00e7\u00e3o de ve\u00edculo automotor foi registrado pelo 8\u00ba Batalh\u00e3o da Pol\u00edcia Militar, na \u00e1rea do 9\u00ba Comando Regional, em Alta Floresta, na ter\u00e7a-feira, 4 de mar\u00e7o de 2026. A ocorr\u00eancia foi registrada ap\u00f3s um acidente envolvendo um carro e uma motocicleta no cruzamento da Avenida Teles Pires com a Avenida Ayrton Senna.<\/p>\n\n\n\n<p>De acordo com as informa\u00e7\u00f5es repassadas \u00e0 pol\u00edcia, a guarni\u00e7\u00e3o foi acionada via 190 ap\u00f3s a den\u00fancia de que um ve\u00edculo vermelho, possivelmente um CrossFox, havia colidido com uma motocicleta e fugido do local sem prestar socorro \u00e0s v\u00edtimas. No acidente estavam uma mulher de 37 anos, condutora da motocicleta, e a filha dela, uma adolescente de 16 anos.<\/p>\n\n\n\n<p>O Corpo de Bombeiros foi acionado para atender a ocorr\u00eancia e realizou o encaminhamento das duas v\u00edtimas ao Hospital Regional de Alta Floresta. No hospital, a motociclista relatou que trafegava pela Avenida Ayrton Senna quando foi atingida no cruzamento com a Avenida Teles Pires por um ve\u00edculo que n\u00e3o respeitou a prefer\u00eancia. Com o impacto, m\u00e3e e filha ca\u00edram na via. A adolescente sofreu escoria\u00e7\u00f5es e precisou passar por sutura.<\/p>\n\n\n\n<p>Ap\u00f3s receber as informa\u00e7\u00f5es sobre o ve\u00edculo envolvido, a guarni\u00e7\u00e3o realizou rondas pelo bairro Santa Maria e conseguiu localizar um carro com as mesmas caracter\u00edsticas. No local, o propriet\u00e1rio da resid\u00eancia confirmou ser o condutor envolvido no acidente. Ele relatou aos policiais que n\u00e3o teria visto a motocicleta e que deixou o local por medo de repres\u00e1lias.<\/p>\n\n\n\n<p>Diante da situa\u00e7\u00e3o, o homem, de 38 anos, foi encaminhado ao Centro de Opera\u00e7\u00f5es da Pol\u00edcia Militar, o Copom, para registro do boletim de ocorr\u00eancia. Em seguida, ele foi conduzido \u00e0 Delegacia de Pol\u00edcia Civil, onde o caso passou a ser investigado pelas autoridades de Alta Floresta.<\/p>\n","protected":false},"excerpt":{"rendered":"<p>Um caso de omiss\u00e3o de socorro na dire\u00e7\u00e3o de ve\u00edculo automotor foi registrado pelo 8\u00ba Batalh\u00e3o da Pol\u00edcia Militar, na \u00e1rea do 9\u00ba Comando Regional, em Alta Floresta, na ter\u00e7a-feira, 4 de mar\u00e7o de 2026. A ocorr\u00eancia foi registrada ap\u00f3s um acidente envolvendo um carro e uma motocicleta no cruzamento da Avenida Teles Pires com [&hellip;]<\/p>\n","protected":false},"author":3,"featured_media":5444,"comment_status":"open","ping_status":"open","sticky":false,"template":"","format":"standard","meta":{"footnotes":""},"categories":[14],"tags":[89,93,956,718,1527],"class_list":["post-5443","post","type-post","status-publish","format-standard","has-post-thumbnail","hentry","category-policia","tag-altafloresta","tag-policiamilitar","tag-importante","tag-matogrosso","tag-omissao"],"_links":{"self":[{"href":"https:\/\/diarionews.com.br\/index.php?rest_route=\/wp\/v2\/posts\/5443","targetHints":{"allow":["GET"]}}],"collection":[{"href":"https:\/\/diarionews.com.br\/index.php?rest_route=\/wp\/v2\/posts"}],"about":[{"href":"https:\/\/diarionews.com.br\/index.php?rest_route=\/wp\/v2\/types\/post"}],"author":[{"embeddable":true,"href":"https:\/\/diarionews.com.br\/index.php?rest_route=\/wp\/v2\/users\/3"}],"replies":[{"embeddable":true,"href":"https:\/\/diarionews.com.br\/index.php?rest_route=%2Fwp%2Fv2%2Fcomments&post=5443"}],"version-history":[{"count":1,"href":"https:\/\/diarionews.com.br\/index.php?rest_route=\/wp\/v2\/posts\/5443\/revisions"}],"predecessor-version":[{"id":5445,"href":"https:\/\/diarionews.com.br\/index.php?rest_route=\/wp\/v2\/posts\/5443\/revisions\/5445"}],"wp:featuredmedia":[{"embeddable":true,"href":"https:\/\/diarionews.com.br\/index.php?rest_route=\/wp\/v2\/media\/5444"}],"wp:attachment":[{"href":"https:\/\/diarionews.com.br\/index.php?rest_route=%2Fwp%2Fv2%2Fmedia&parent=5443"}],"wp:term":[{"taxonomy":"category","embeddable":true,"href":"https:\/\/diarionews.com.br\/index.php?rest_route=%2Fwp%2Fv2%2Fcategories&post=5443"},{"taxonomy":"post_tag","embeddable":true,"href":"https:\/\/diarionews.com.br\/index.php?rest_route=%2Fwp%2Fv2%2Ftags&post=5443"}],"curies":[{"name":"wp","href":"https:\/\/api.w.org\/{rel}","templated":true}]}}