{"id":5441,"date":"2026-03-05T06:44:23","date_gmt":"2026-03-05T10:44:23","guid":{"rendered":"https:\/\/diarionews.com.br\/?p=5441"},"modified":"2026-03-05T06:44:24","modified_gmt":"2026-03-05T10:44:24","slug":"bebe-brasileira-de-1-ano-de-idade-e-morta-em-bombardeio-de-israel","status":"publish","type":"post","link":"https:\/\/diarionews.com.br\/?p=5441","title":{"rendered":"Beb\u00ea brasileira de 1 ano de idade \u00e9 morta em bombardeio de Israel"},"content":{"rendered":"\n<p>Uma beb\u00ea brasileira de cerca de 1 ano de idade, identificada como F\u00e1tima Abbas, foi morta em um ataque de m\u00edssil das for\u00e7as militares de Israel, em Hadeth, sub\u00farbio de Beirute, capital do L\u00edbano. O ataque ocorreu no \u00faltimo s\u00e1bado (2), e a crian\u00e7a n\u00e3o resistiu aos ferimentos. A informa\u00e7\u00e3o \u00e9 do Minist\u00e9rio das Rela\u00e7\u00f5es Exteriores, que emitiu nota oficial lamentando o ocorrido.<img decoding=\"async\" src=\"https:\/\/agenciabrasil.ebc.com.br\/ebc.png?id=1618318&amp;o=node\"><img decoding=\"async\" src=\"https:\/\/agenciabrasil.ebc.com.br\/ebc.gif?id=1618318&amp;o=node\"><\/p>\n\n\n\n<p>&#8220;Ao expressar \u00e0 fam\u00edlia de F\u00e1tima Abbas as mais sentidas condol\u00eancias e estender toda a sua solidariedade, o governo brasileiro reitera a condena\u00e7\u00e3o, nos mais fortes termos, aos cont\u00ednuos e injustificados ataques a\u00e9reos israelenses contra zonas civis no L\u00edbano e renova o apelo \u00e0s partes envolvidas para que cessem imediatamente as hostilidades&#8221;, diz a nota do Itamaraty.<\/p>\n\n\n\n<p>Segundo o governo brasileiro, o conflito no L\u00edbano, intensificado por ataques a\u00e9reos e terrestres por parte de Israel desde o fim de setembro, j\u00e1 resultou na morte confirmada de tr\u00eas cidad\u00e3os brasileiros, todos menores de idade. Al\u00e9m da beb\u00ea F\u00e1tima, foram v\u00edtimas de bombardeios os adolescentes Mirna Raef Nasser, de 16 anos, e Ali Kamal Abdallah, de 15 anos.<\/p>\n\n\n\n<p>Israel e o grupo Hezbollah, do L\u00edbano, participam de ataques na fronteira entre os dois pa\u00edses desde o in\u00edcio da atual guerra na Faixa de Gaza. O conflito come\u00e7ou no ano passado, ap\u00f3s um ataque do Hamas a Israel, aliado do Hezbollah. Apenas no L\u00edbano, o n\u00famero de civis mortos no conflito ultrapassa 2,8 mil pessoas.<\/p>\n\n\n\n<h2 class=\"wp-block-heading\">Repatria\u00e7\u00e3o<\/h2>\n\n\n\n<figure class=\"wp-block-image alignleft\"><img decoding=\"async\" src=\"https:\/\/imagens.ebc.com.br\/Q4WbW4VCRVthHS-haoQq7otrayw=\/463x0\/smart\/https:\/\/agenciabrasil.ebc.com.br\/sites\/default\/files\/thumbnails\/image\/2024\/10\/09\/repatriacao_brasileiros1.jpg?itok=QkhfhzFN\" alt=\"Beirute  09\/10\/2024 -  Repatria\u00e7\u00e3o de brasileiro em Beirute.\nFoto: FAB\/Divulga\u00e7\u00e3o\" title=\"FAB\/Divulga\u00e7\u00e3o\"\/><figcaption class=\"wp-element-caption\">Desde outubro, a\u00e7\u00e3o coordenada pela FAB e pelo Minist\u00e9rio das Rela\u00e7\u00f5es Exteriores repatriou 2.072 brasileiros que estavam no L\u00edbano &#8211;\u00a0<strong>FAB\/Divulga\u00e7\u00e3o<\/strong><\/figcaption><\/figure>\n\n\n\n<p>Desde o in\u00edcio de outubro, uma opera\u00e7\u00e3o do governo federal, coordenada pelo Minist\u00e9rio das Rela\u00e7\u00f5es Exteriores e pela For\u00e7a A\u00e9rea Brasileira (FAB), repatriou 2.072 brasileiros e 24 animais de estima\u00e7\u00e3o.<br><br>O d\u00e9cimo voo da miss\u00e3o pousar\u00e1 no Brasil nesta ter\u00e7a-feira (5).<\/p>\n\n\n\n<p>A aeronave KC-30 tamb\u00e9m transportou ao L\u00edbano 27,3 toneladas de doa\u00e7\u00f5es de itens de primeira necessidade. Cerca de 3 mil brasileiros se registraram para sair do L\u00edbano em voos oficiais, inclusive a fam\u00edlia de F\u00e1tima Abbas.<\/p>\n\n\n\n<p><\/p>\n\n\n\n<p>PEDRO RAFAEL VILELA \u2013 REP\u00d3RTER DA AG\u00caNCIA BRASIL<br><\/p>\n","protected":false},"excerpt":{"rendered":"<p>Uma beb\u00ea brasileira de cerca de 1 ano de idade, identificada como F\u00e1tima Abbas, foi morta em um ataque de m\u00edssil das for\u00e7as militares de Israel, em Hadeth, sub\u00farbio de Beirute, capital do L\u00edbano. O ataque ocorreu no \u00faltimo s\u00e1bado (2), e a crian\u00e7a n\u00e3o resistiu aos ferimentos. A informa\u00e7\u00e3o \u00e9 do Minist\u00e9rio das Rela\u00e7\u00f5es [&hellip;]<\/p>\n","protected":false},"author":3,"featured_media":5384,"comment_status":"open","ping_status":"open","sticky":false,"template":"","format":"standard","meta":{"footnotes":""},"categories":[11],"tags":[1523,1524,956,1526,1525],"class_list":["post-5441","post","type-post","status-publish","format-standard","has-post-thumbnail","hentry","category-mundo","tag-bombardeio","tag-fatima-abbas","tag-importante","tag-itamaraty","tag-libano"],"_links":{"self":[{"href":"https:\/\/diarionews.com.br\/index.php?rest_route=\/wp\/v2\/posts\/5441","targetHints":{"allow":["GET"]}}],"collection":[{"href":"https:\/\/diarionews.com.br\/index.php?rest_route=\/wp\/v2\/posts"}],"about":[{"href":"https:\/\/diarionews.com.br\/index.php?rest_route=\/wp\/v2\/types\/post"}],"author":[{"embeddable":true,"href":"https:\/\/diarionews.com.br\/index.php?rest_route=\/wp\/v2\/users\/3"}],"replies":[{"embeddable":true,"href":"https:\/\/diarionews.com.br\/index.php?rest_route=%2Fwp%2Fv2%2Fcomments&post=5441"}],"version-history":[{"count":1,"href":"https:\/\/diarionews.com.br\/index.php?rest_route=\/wp\/v2\/posts\/5441\/revisions"}],"predecessor-version":[{"id":5442,"href":"https:\/\/diarionews.com.br\/index.php?rest_route=\/wp\/v2\/posts\/5441\/revisions\/5442"}],"wp:featuredmedia":[{"embeddable":true,"href":"https:\/\/diarionews.com.br\/index.php?rest_route=\/wp\/v2\/media\/5384"}],"wp:attachment":[{"href":"https:\/\/diarionews.com.br\/index.php?rest_route=%2Fwp%2Fv2%2Fmedia&parent=5441"}],"wp:term":[{"taxonomy":"category","embeddable":true,"href":"https:\/\/diarionews.com.br\/index.php?rest_route=%2Fwp%2Fv2%2Fcategories&post=5441"},{"taxonomy":"post_tag","embeddable":true,"href":"https:\/\/diarionews.com.br\/index.php?rest_route=%2Fwp%2Fv2%2Ftags&post=5441"}],"curies":[{"name":"wp","href":"https:\/\/api.w.org\/{rel}","templated":true}]}}