{"id":5427,"date":"2026-03-04T08:35:18","date_gmt":"2026-03-04T12:35:18","guid":{"rendered":"https:\/\/diarionews.com.br\/?p=5427"},"modified":"2026-03-04T08:35:20","modified_gmt":"2026-03-04T12:35:20","slug":"trump-anuncia-fim-das-relacoes-comerciais-entre-eua-e-espanha","status":"publish","type":"post","link":"https:\/\/diarionews.com.br\/?p=5427","title":{"rendered":"Trump anuncia fim das rela\u00e7\u00f5es comerciais entre EUA e Espanha"},"content":{"rendered":"\n<p>O presidente dos Estados Unidos, Donald Trump, declarou nesta ter\u00e7a-feira que Washington vai romper todas as rela\u00e7\u00f5es comerciais com a Espanha, ap\u00f3s o governo de Madrid recusar o uso de bases militares espanholas para opera\u00e7\u00f5es contra o Ir\u00e3. A declara\u00e7\u00e3o foi feita durante um encontro na Casa Branca com o chanceler da Alemanha, Friedrich Merz, no contexto do conflito em andamento no Oriente M\u00e9dio. Trump afirmou que ordenou ao secret\u00e1rio do Tesouro dos EUA, Scott Bessent, que \u201ccorte todas as rela\u00e7\u00f5es\u201d com a Espanha, refor\u00e7ando sua cr\u00edtica ao governo espanhol por sua posi\u00e7\u00e3o em rela\u00e7\u00e3o \u00e0s bases e tamb\u00e9m por n\u00e3o atender \u00e0s metas de gastos de defesa da Otan.<\/p>\n\n\n\n<p>A medida surge em meio a tens\u00f5es crescentes entre os Estados Unidos e aliados europeus por causa da ofensiva militar contra o Ir\u00e3, que tem envolvido ataques israelenses e a\u00e7\u00f5es diretas americanas na regi\u00e3o. Trump disse que n\u00e3o deseja manter nenhum v\u00ednculo comercial com Madri, qualificando a postura espanhola de \u201cterr\u00edvel\u201d e sinalizando que os acordos comerciais entre os dois pa\u00edses podem ser interrompidos.<\/p>\n\n\n\n<p>Em resposta \u00e0s amea\u00e7as de Trump, o governo espanhol afirmou que os Estados Unidos devem respeitar o direito internacional e os acordos comerciais vigentes entre a Uni\u00e3o Europeia e Washington. Autoridades de Madrid refor\u00e7aram que Espanha cumpre seus compromissos militares enquanto membro da Otan e que trabalhar\u00e1 para mitigar poss\u00edveis impactos econ\u00f4micos caso um rompimento comercial se concretize.<\/p>\n\n\n\n<p>O an\u00fancio de Trump ocorre em um cen\u00e1rio global marcado por confrontos militares e diplom\u00e1ticos. Outros l\u00edderes internacionais reagiram \u00e0s hostilidades, incluindo cr\u00edticas de pa\u00edses do Oriente M\u00e9dio e declara\u00e7\u00f5es sobre a natureza e dura\u00e7\u00e3o do conflito, o que contribui para um contexto de instabilidade nas rela\u00e7\u00f5es internacionais e nos mercados.<\/p>\n","protected":false},"excerpt":{"rendered":"<p>O presidente dos Estados Unidos, Donald Trump, declarou nesta ter\u00e7a-feira que Washington vai romper todas as rela\u00e7\u00f5es comerciais com a Espanha, ap\u00f3s o governo de Madrid recusar o uso de bases militares espanholas para opera\u00e7\u00f5es contra o Ir\u00e3. A declara\u00e7\u00e3o foi feita durante um encontro na Casa Branca com o chanceler da Alemanha, Friedrich Merz, [&hellip;]<\/p>\n","protected":false},"author":1,"featured_media":1255,"comment_status":"open","ping_status":"open","sticky":false,"template":"","format":"standard","meta":{"footnotes":""},"categories":[11],"tags":[],"class_list":["post-5427","post","type-post","status-publish","format-standard","has-post-thumbnail","hentry","category-mundo"],"_links":{"self":[{"href":"https:\/\/diarionews.com.br\/index.php?rest_route=\/wp\/v2\/posts\/5427","targetHints":{"allow":["GET"]}}],"collection":[{"href":"https:\/\/diarionews.com.br\/index.php?rest_route=\/wp\/v2\/posts"}],"about":[{"href":"https:\/\/diarionews.com.br\/index.php?rest_route=\/wp\/v2\/types\/post"}],"author":[{"embeddable":true,"href":"https:\/\/diarionews.com.br\/index.php?rest_route=\/wp\/v2\/users\/1"}],"replies":[{"embeddable":true,"href":"https:\/\/diarionews.com.br\/index.php?rest_route=%2Fwp%2Fv2%2Fcomments&post=5427"}],"version-history":[{"count":1,"href":"https:\/\/diarionews.com.br\/index.php?rest_route=\/wp\/v2\/posts\/5427\/revisions"}],"predecessor-version":[{"id":5428,"href":"https:\/\/diarionews.com.br\/index.php?rest_route=\/wp\/v2\/posts\/5427\/revisions\/5428"}],"wp:featuredmedia":[{"embeddable":true,"href":"https:\/\/diarionews.com.br\/index.php?rest_route=\/wp\/v2\/media\/1255"}],"wp:attachment":[{"href":"https:\/\/diarionews.com.br\/index.php?rest_route=%2Fwp%2Fv2%2Fmedia&parent=5427"}],"wp:term":[{"taxonomy":"category","embeddable":true,"href":"https:\/\/diarionews.com.br\/index.php?rest_route=%2Fwp%2Fv2%2Fcategories&post=5427"},{"taxonomy":"post_tag","embeddable":true,"href":"https:\/\/diarionews.com.br\/index.php?rest_route=%2Fwp%2Fv2%2Ftags&post=5427"}],"curies":[{"name":"wp","href":"https:\/\/api.w.org\/{rel}","templated":true}]}}