{"id":5284,"date":"2026-02-28T18:59:27","date_gmt":"2026-02-28T22:59:27","guid":{"rendered":"https:\/\/diarionews.com.br\/?p=5284"},"modified":"2026-03-03T17:50:38","modified_gmt":"2026-03-03T21:50:38","slug":"israel-e-estados-unidos-afirmam-que-lider-do-ira-foi-morto-mas-teera-nega","status":"publish","type":"post","link":"https:\/\/diarionews.com.br\/?p=5284","title":{"rendered":"Israel e Estados Unidos afirmam que l\u00edder do Ir\u00e3 foi morto, mas Teer\u00e3 nega"},"content":{"rendered":"\n<p>Autoridades de Israel e dos Estados Unidos afirmaram neste s\u00e1bado, 28 de fevereiro de 2026, que o l\u00edder supremo do Ir\u00e3, o aiatol\u00e1 Ali Khamenei, teria sido morto durante os ataques a\u00e9reos coordenados contra alvos iranianos que marcaram uma dr\u00e1stica escalada militar na regi\u00e3o. O primeiro-ministro israelense, Benjamin Netanyahu, declarou que existem \u201cmuitos ind\u00edcios\u201d de que Khamenei \u201cn\u00e3o esteja mais vivo\u201d ap\u00f3s bombardeios que teriam destru\u00eddo seu complexo em Teer\u00e3 e atingido integrantes da alta c\u00fapula do regime.<\/p>\n\n\n\n<p>O presidente dos Estados Unidos, Donald Trump, publicou em suas redes sociais que Khamenei foi morto e caracterizou o epis\u00f3dio como um momento de \u201cjusti\u00e7a\u201d e uma oportunidade para o povo iraniano \u201ctomar o controle do seu pa\u00eds\u201d. Segundo relatos, servi\u00e7os de intelig\u00eancia aliados teriam confirmado a morte e a localiza\u00e7\u00e3o do corpo, mas essas informa\u00e7\u00f5es ainda n\u00e3o foram oficialmente verificadas por fontes independentes.<\/p>\n\n\n\n<p>Por outro lado, o governo do Ir\u00e3 contesta a vers\u00e3o divulgada por Tel Aviv e Washington. O chanceler iraniano, Abbas Araghchi, afirmou que, \u201cat\u00e9 onde eu sei\u201d, Khamenei est\u00e1 vivo e em seguran\u00e7a, e que os principais l\u00edderes e estruturas de comando do pa\u00eds permanecem operando normalmente. Representantes iranianos chegaram a qualificar as alega\u00e7\u00f5es de morte como parte de uma \u201cguerra psicol\u00f3gica\u201d promovida pelos inimigos do pa\u00eds.<\/p>\n\n\n\n<p>A diverg\u00eancia de vers\u00f5es intensifica a incerteza em torno de um dos epis\u00f3dios mais dram\u00e1ticos da recente ofensiva militar no Oriente M\u00e9dio. Enquanto aliados ocidentais de Israel pedem conten\u00e7\u00e3o e cautela, a falta de confirma\u00e7\u00e3o independente sobre o destino de Khamenei mant\u00e9m a situa\u00e7\u00e3o aberta. Os desdobramentos dessa crise t\u00eam repercuss\u00f5es potenciais em todo o mundo, inclusive em mercados de energia e na geopol\u00edtica global, lembrando distantes localidades como Alta Floresta da import\u00e2ncia desses acontecimentos internacionais.<\/p>\n","protected":false},"excerpt":{"rendered":"<p>Autoridades de Israel e dos Estados Unidos afirmaram neste s\u00e1bado, 28 de fevereiro de 2026, que o l\u00edder supremo do Ir\u00e3, o aiatol\u00e1 Ali Khamenei, teria sido morto durante os ataques a\u00e9reos coordenados contra alvos iranianos que marcaram uma dr\u00e1stica escalada militar na regi\u00e3o. O primeiro-ministro israelense, Benjamin Netanyahu, declarou que existem \u201cmuitos ind\u00edcios\u201d de [&hellip;]<\/p>\n","protected":false},"author":3,"featured_media":5285,"comment_status":"open","ping_status":"open","sticky":false,"template":"","format":"standard","meta":{"footnotes":""},"categories":[11],"tags":[1489,1298,956],"class_list":["post-5284","post","type-post","status-publish","format-standard","has-post-thumbnail","hentry","category-mundo","tag-aiatola-ali-khamenei","tag-guerra","tag-importante"],"_links":{"self":[{"href":"https:\/\/diarionews.com.br\/index.php?rest_route=\/wp\/v2\/posts\/5284","targetHints":{"allow":["GET"]}}],"collection":[{"href":"https:\/\/diarionews.com.br\/index.php?rest_route=\/wp\/v2\/posts"}],"about":[{"href":"https:\/\/diarionews.com.br\/index.php?rest_route=\/wp\/v2\/types\/post"}],"author":[{"embeddable":true,"href":"https:\/\/diarionews.com.br\/index.php?rest_route=\/wp\/v2\/users\/3"}],"replies":[{"embeddable":true,"href":"https:\/\/diarionews.com.br\/index.php?rest_route=%2Fwp%2Fv2%2Fcomments&post=5284"}],"version-history":[{"count":1,"href":"https:\/\/diarionews.com.br\/index.php?rest_route=\/wp\/v2\/posts\/5284\/revisions"}],"predecessor-version":[{"id":5286,"href":"https:\/\/diarionews.com.br\/index.php?rest_route=\/wp\/v2\/posts\/5284\/revisions\/5286"}],"wp:featuredmedia":[{"embeddable":true,"href":"https:\/\/diarionews.com.br\/index.php?rest_route=\/wp\/v2\/media\/5285"}],"wp:attachment":[{"href":"https:\/\/diarionews.com.br\/index.php?rest_route=%2Fwp%2Fv2%2Fmedia&parent=5284"}],"wp:term":[{"taxonomy":"category","embeddable":true,"href":"https:\/\/diarionews.com.br\/index.php?rest_route=%2Fwp%2Fv2%2Fcategories&post=5284"},{"taxonomy":"post_tag","embeddable":true,"href":"https:\/\/diarionews.com.br\/index.php?rest_route=%2Fwp%2Fv2%2Ftags&post=5284"}],"curies":[{"name":"wp","href":"https:\/\/api.w.org\/{rel}","templated":true}]}}