{"id":5070,"date":"2026-02-24T06:39:33","date_gmt":"2026-02-24T10:39:33","guid":{"rendered":"https:\/\/diarionews.com.br\/?p=5070"},"modified":"2026-04-01T15:51:06","modified_gmt":"2026-04-01T19:51:06","slug":"idosa-e-rendida-durante-roubo-a-residencia-em-colider","status":"publish","type":"post","link":"https:\/\/diarionews.com.br\/?p=5070","title":{"rendered":"Idosa \u00e9 rendida durante roubo a resid\u00eancia em Col\u00edder"},"content":{"rendered":"\n<p>Uma mulher de 66 anos foi v\u00edtima de roubo na manh\u00e3 de segunda-feira, 23 de fevereiro de 2026, por volta das 6h30, no bairro Jardim Am\u00e9rica, em Col\u00edder. A ocorr\u00eancia foi atendida pela 31\u00aa Companhia da Pol\u00edcia Militar e registrada sob o boletim n\u00famero 2026.58777 na Delegacia de Pol\u00edcia Civil.<\/p>\n\n\n\n<p>Conforme as informa\u00e7\u00f5es repassadas \u00e0 guarni\u00e7\u00e3o, tr\u00eas suspeitos, usando moletons e encapuzados, pularam o muro da resid\u00eancia localizada na Rua Anselmo Cavequia e invadiram o im\u00f3vel. A v\u00edtima, identificada pelas iniciais C.L.S., estava sozinha no momento da a\u00e7\u00e3o criminosa.<\/p>\n\n\n\n<p>Ap\u00f3s anunciarem o roubo, os suspeitos renderam a idosa e reviraram seus pertences. Do local foram levados uma televis\u00e3o de 32 polegadas, joias como brincos e an\u00e9is, al\u00e9m de um aparelho celular. Os criminosos fugiram utilizando o ve\u00edculo da pr\u00f3pria v\u00edtima, um Citroen C3 de cor preta. Segundo relato, eles estavam armados com arma branca, do tipo faca.<\/p>\n\n\n\n<p>As equipes realizaram dilig\u00eancias com apoio da Pol\u00edcia Civil e conseguiram localizar o ve\u00edculo pr\u00f3ximo ao bairro Cel\u00eddio Marques, com um dos pneus estourado. Apesar das buscas realizadas at\u00e9 o momento, nenhum dos suspeitos foi localizado. O caso segue sob investiga\u00e7\u00e3o pelas autoridades competentes.<\/p>\n","protected":false},"excerpt":{"rendered":"<p>Uma mulher de 66 anos foi v\u00edtima de roubo na manh\u00e3 de segunda-feira, 23 de fevereiro de 2026, por volta das 6h30, no bairro Jardim Am\u00e9rica, em Col\u00edder. A ocorr\u00eancia foi atendida pela 31\u00aa Companhia da Pol\u00edcia Militar e registrada sob o boletim n\u00famero 2026.58777 na Delegacia de Pol\u00edcia Civil. Conforme as informa\u00e7\u00f5es repassadas \u00e0 [&hellip;]<\/p>\n","protected":false},"author":3,"featured_media":3586,"comment_status":"open","ping_status":"open","sticky":false,"template":"","format":"standard","meta":{"footnotes":""},"categories":[21],"tags":[93,1254,737],"class_list":["post-5070","post","type-post","status-publish","format-standard","has-post-thumbnail","hentry","category-regiao","tag-policiamilitar","tag-colider-3","tag-ocorrencia-policial"],"_links":{"self":[{"href":"https:\/\/diarionews.com.br\/index.php?rest_route=\/wp\/v2\/posts\/5070","targetHints":{"allow":["GET"]}}],"collection":[{"href":"https:\/\/diarionews.com.br\/index.php?rest_route=\/wp\/v2\/posts"}],"about":[{"href":"https:\/\/diarionews.com.br\/index.php?rest_route=\/wp\/v2\/types\/post"}],"author":[{"embeddable":true,"href":"https:\/\/diarionews.com.br\/index.php?rest_route=\/wp\/v2\/users\/3"}],"replies":[{"embeddable":true,"href":"https:\/\/diarionews.com.br\/index.php?rest_route=%2Fwp%2Fv2%2Fcomments&post=5070"}],"version-history":[{"count":1,"href":"https:\/\/diarionews.com.br\/index.php?rest_route=\/wp\/v2\/posts\/5070\/revisions"}],"predecessor-version":[{"id":5071,"href":"https:\/\/diarionews.com.br\/index.php?rest_route=\/wp\/v2\/posts\/5070\/revisions\/5071"}],"wp:featuredmedia":[{"embeddable":true,"href":"https:\/\/diarionews.com.br\/index.php?rest_route=\/wp\/v2\/media\/3586"}],"wp:attachment":[{"href":"https:\/\/diarionews.com.br\/index.php?rest_route=%2Fwp%2Fv2%2Fmedia&parent=5070"}],"wp:term":[{"taxonomy":"category","embeddable":true,"href":"https:\/\/diarionews.com.br\/index.php?rest_route=%2Fwp%2Fv2%2Fcategories&post=5070"},{"taxonomy":"post_tag","embeddable":true,"href":"https:\/\/diarionews.com.br\/index.php?rest_route=%2Fwp%2Fv2%2Ftags&post=5070"}],"curies":[{"name":"wp","href":"https:\/\/api.w.org\/{rel}","templated":true}]}}