{"id":4964,"date":"2026-02-21T12:27:00","date_gmt":"2026-02-21T16:27:00","guid":{"rendered":"https:\/\/diarionews.com.br\/?p=4964"},"modified":"2026-04-01T15:42:58","modified_gmt":"2026-04-01T19:42:58","slug":"quaresma-comeca-e-segue-ate-2-de-abril-no-calendario-cristao","status":"publish","type":"post","link":"https:\/\/diarionews.com.br\/?p=4964","title":{"rendered":"Quaresma come\u00e7a e segue at\u00e9 2 de abril no calend\u00e1rio crist\u00e3o"},"content":{"rendered":"\n<p>O per\u00edodo da Quaresma, tradicional no calend\u00e1rio crist\u00e3o, come\u00e7ou nesta quarta\u2011feira de Cinzas, dia 18 de fevereiro de 2026, e ir\u00e1 at\u00e9 2 de abril, quando \u00e9 celebrada a Quinta\u2011Feira Santa, momento que precede a Semana Santa e a P\u00e1scoa.<\/p>\n\n\n\n<p>Esse tempo lit\u00fargico, observado principalmente pelos fi\u00e9is cat\u00f3licos, \u00e9 marcado por cerca de 40 dias de ora\u00e7\u00e3o, jejum e reflex\u00e3o espiritual, em prepara\u00e7\u00e3o para a celebra\u00e7\u00e3o da ressurrei\u00e7\u00e3o de Jesus Cristo, que ocorre no Domingo de P\u00e1scoa. As tradi\u00e7\u00f5es associadas \u00e0 Quaresma incluem pr\u00e1ticas de abstin\u00eancia, como evitar consumo de carne nas sextas\u2011feiras, e gestos de caridade.<\/p>\n\n\n\n<p>A Quarta\u2011Feira de Cinzas d\u00e1 in\u00edcio oficialmente a esse per\u00edodo, simbolizando arrependimento e humildade, e convida os devotos a refletirem sobre sua vida espiritual e o significado da f\u00e9. Durante essas semanas, muitos crist\u00e3os se dedicam a intensificar ora\u00e7\u00f5es, realizar jejuns e adotar atitudes mais simples como forma de prepara\u00e7\u00e3o interior para o Tr\u00edduo Pascal e a P\u00e1scoa.<\/p>\n\n\n\n<p>A Quaresma tem profunda import\u00e2ncia no contexto religioso, representando um tempo de renova\u00e7\u00e3o espiritual e de fortalecimento da f\u00e9 para aqueles que a observam. O per\u00edodo tamb\u00e9m serve como oportunidade para que as comunidades crist\u00e3s reforcem valores de compaix\u00e3o e servi\u00e7o ao pr\u00f3ximo, partilhando s\u00edmbolos de f\u00e9 e tradi\u00e7\u00e3o que remontam a s\u00e9culos de pr\u00e1tica religiosa.<\/p>\n","protected":false},"excerpt":{"rendered":"<p>O per\u00edodo da Quaresma, tradicional no calend\u00e1rio crist\u00e3o, come\u00e7ou nesta quarta\u2011feira de Cinzas, dia 18 de fevereiro de 2026, e ir\u00e1 at\u00e9 2 de abril, quando \u00e9 celebrada a Quinta\u2011Feira Santa, momento que precede a Semana Santa e a P\u00e1scoa. Esse tempo lit\u00fargico, observado principalmente pelos fi\u00e9is cat\u00f3licos, \u00e9 marcado por cerca de 40 dias [&hellip;]<\/p>\n","protected":false},"author":3,"featured_media":4965,"comment_status":"open","ping_status":"open","sticky":false,"template":"","format":"standard","meta":{"footnotes":""},"categories":[12],"tags":[89,1391,956,1392],"class_list":["post-4964","post","type-post","status-publish","format-standard","has-post-thumbnail","hentry","category-nacionais","tag-altafloresta","tag-catolicos","tag-importante","tag-quaresma"],"_links":{"self":[{"href":"https:\/\/diarionews.com.br\/index.php?rest_route=\/wp\/v2\/posts\/4964","targetHints":{"allow":["GET"]}}],"collection":[{"href":"https:\/\/diarionews.com.br\/index.php?rest_route=\/wp\/v2\/posts"}],"about":[{"href":"https:\/\/diarionews.com.br\/index.php?rest_route=\/wp\/v2\/types\/post"}],"author":[{"embeddable":true,"href":"https:\/\/diarionews.com.br\/index.php?rest_route=\/wp\/v2\/users\/3"}],"replies":[{"embeddable":true,"href":"https:\/\/diarionews.com.br\/index.php?rest_route=%2Fwp%2Fv2%2Fcomments&post=4964"}],"version-history":[{"count":1,"href":"https:\/\/diarionews.com.br\/index.php?rest_route=\/wp\/v2\/posts\/4964\/revisions"}],"predecessor-version":[{"id":4966,"href":"https:\/\/diarionews.com.br\/index.php?rest_route=\/wp\/v2\/posts\/4964\/revisions\/4966"}],"wp:featuredmedia":[{"embeddable":true,"href":"https:\/\/diarionews.com.br\/index.php?rest_route=\/wp\/v2\/media\/4965"}],"wp:attachment":[{"href":"https:\/\/diarionews.com.br\/index.php?rest_route=%2Fwp%2Fv2%2Fmedia&parent=4964"}],"wp:term":[{"taxonomy":"category","embeddable":true,"href":"https:\/\/diarionews.com.br\/index.php?rest_route=%2Fwp%2Fv2%2Fcategories&post=4964"},{"taxonomy":"post_tag","embeddable":true,"href":"https:\/\/diarionews.com.br\/index.php?rest_route=%2Fwp%2Fv2%2Ftags&post=4964"}],"curies":[{"name":"wp","href":"https:\/\/api.w.org\/{rel}","templated":true}]}}