{"id":4898,"date":"2026-02-20T06:42:30","date_gmt":"2026-02-20T10:42:30","guid":{"rendered":"https:\/\/diarionews.com.br\/?p=4898"},"modified":"2026-04-01T15:39:21","modified_gmt":"2026-04-01T19:39:21","slug":"mpf-arquiva-pedido-de-investigacao-contra-bolsonaro-por-supostos-crimes-na-pandemia","status":"publish","type":"post","link":"https:\/\/diarionews.com.br\/?p=4898","title":{"rendered":"MPF arquiva pedido de investiga\u00e7\u00e3o contra Bolsonaro por supostos crimes na pandemia"},"content":{"rendered":"\n<p>O Minist\u00e9rio P\u00fablico Federal (MPF) decidiu arquivar um pedido para investigar a conduta do ex-presidente Jair Bolsonaro e de integrantes de sua fam\u00edlia por supostos crimes cometidos durante a pandemia de Covid-19, inclusive acusa\u00e7\u00f5es de genoc\u00eddio e uso indevido da Ag\u00eancia Brasileira de Intelig\u00eancia (Abin). O pedido foi analisado pelo \u00f3rg\u00e3o ap\u00f3s ser apresentado por meio da Sala de Atendimento ao Cidad\u00e3o e inclu\u00eda diversas alega\u00e7\u00f5es, entre elas envolvimento com mil\u00edcias, tr\u00e1fico de drogas e corrup\u00e7\u00e3o, mas foi considerado insuficiente para abertura de investiga\u00e7\u00e3o criminal.<\/p>\n\n\n\n<figure class=\"wp-block-image size-large\"><img loading=\"lazy\" decoding=\"async\" width=\"1024\" height=\"722\" src=\"https:\/\/diarionews.com.br\/wp-content\/uploads\/2026\/02\/mortes_pandemia-1024x722.jpg\" alt=\"\" class=\"wp-image-4899\" srcset=\"https:\/\/diarionews.com.br\/wp-content\/uploads\/2026\/02\/mortes_pandemia-1024x722.jpg 1024w, https:\/\/diarionews.com.br\/wp-content\/uploads\/2026\/02\/mortes_pandemia-300x212.jpg 300w, https:\/\/diarionews.com.br\/wp-content\/uploads\/2026\/02\/mortes_pandemia-768x541.jpg 768w, https:\/\/diarionews.com.br\/wp-content\/uploads\/2026\/02\/mortes_pandemia-596x420.jpg 596w, https:\/\/diarionews.com.br\/wp-content\/uploads\/2026\/02\/mortes_pandemia-150x106.jpg 150w, https:\/\/diarionews.com.br\/wp-content\/uploads\/2026\/02\/mortes_pandemia-696x491.jpg 696w, https:\/\/diarionews.com.br\/wp-content\/uploads\/2026\/02\/mortes_pandemia-1068x753.jpg 1068w, https:\/\/diarionews.com.br\/wp-content\/uploads\/2026\/02\/mortes_pandemia-100x70.jpg 100w, https:\/\/diarionews.com.br\/wp-content\/uploads\/2026\/02\/mortes_pandemia.jpg 1380w\" sizes=\"auto, (max-width: 1024px) 100vw, 1024px\" \/><\/figure>\n\n\n\n<p>A decis\u00e3o foi assinada em 23 de janeiro pela procuradora da Rep\u00fablica Luciana Furtado de Moraes, do N\u00facleo Criminal da Procuradoria da Rep\u00fablica em Minas Gerais. Na avalia\u00e7\u00e3o do MPF, as acusa\u00e7\u00f5es apresentadas eram gen\u00e9ricas e n\u00e3o foram acompanhadas por provas documentais ou elementos m\u00ednimos de materialidade que pudessem sustentar a instaura\u00e7\u00e3o de persecu\u00e7\u00e3o penal. Por isso, o pedido n\u00e3o gerou abertura de inqu\u00e9rito nem pode ser convertido em den\u00fancia criminal.<\/p>\n\n\n\n<p>Segundo a procuradora, o texto da representa\u00e7\u00e3o continha relatos pessoais, opini\u00f5es e refer\u00eancias a conte\u00fados de terceiros, como v\u00eddeos e reportagens, sem descrever de forma objetiva as condutas ou indicar tempo, modo ou lugar dos supostos fatos atribu\u00eddos a Bolsonaro e aos demais citados. Sem esses elementos, o MPF entendeu que n\u00e3o havia base para continuidade de uma investiga\u00e7\u00e3o formal.<\/p>\n\n\n\n<p>Apesar do arquivamento, o denunciante ainda tem prazo de dez dias para apresentar recurso contra a decis\u00e3o. O caso segue sob sigilo, de acordo com previs\u00e3o legal, e n\u00e3o gera efeitos pr\u00e1ticos de investiga\u00e7\u00e3o no momento, refletindo a avalia\u00e7\u00e3o do MPF de que representa\u00e7\u00f5es precisam estar fundamentadas em ind\u00edcios concretos para avan\u00e7ar no sistema penal.<\/p>\n","protected":false},"excerpt":{"rendered":"<p>O Minist\u00e9rio P\u00fablico Federal (MPF) decidiu arquivar um pedido para investigar a conduta do ex-presidente Jair Bolsonaro e de integrantes de sua fam\u00edlia por supostos crimes cometidos durante a pandemia de Covid-19, inclusive acusa\u00e7\u00f5es de genoc\u00eddio e uso indevido da Ag\u00eancia Brasileira de Intelig\u00eancia (Abin). O pedido foi analisado pelo \u00f3rg\u00e3o ap\u00f3s ser apresentado por [&hellip;]<\/p>\n","protected":false},"author":3,"featured_media":4900,"comment_status":"open","ping_status":"open","sticky":false,"template":"","format":"standard","meta":{"footnotes":""},"categories":[12],"tags":[],"class_list":["post-4898","post","type-post","status-publish","format-standard","has-post-thumbnail","hentry","category-nacionais"],"_links":{"self":[{"href":"https:\/\/diarionews.com.br\/index.php?rest_route=\/wp\/v2\/posts\/4898","targetHints":{"allow":["GET"]}}],"collection":[{"href":"https:\/\/diarionews.com.br\/index.php?rest_route=\/wp\/v2\/posts"}],"about":[{"href":"https:\/\/diarionews.com.br\/index.php?rest_route=\/wp\/v2\/types\/post"}],"author":[{"embeddable":true,"href":"https:\/\/diarionews.com.br\/index.php?rest_route=\/wp\/v2\/users\/3"}],"replies":[{"embeddable":true,"href":"https:\/\/diarionews.com.br\/index.php?rest_route=%2Fwp%2Fv2%2Fcomments&post=4898"}],"version-history":[{"count":1,"href":"https:\/\/diarionews.com.br\/index.php?rest_route=\/wp\/v2\/posts\/4898\/revisions"}],"predecessor-version":[{"id":4901,"href":"https:\/\/diarionews.com.br\/index.php?rest_route=\/wp\/v2\/posts\/4898\/revisions\/4901"}],"wp:featuredmedia":[{"embeddable":true,"href":"https:\/\/diarionews.com.br\/index.php?rest_route=\/wp\/v2\/media\/4900"}],"wp:attachment":[{"href":"https:\/\/diarionews.com.br\/index.php?rest_route=%2Fwp%2Fv2%2Fmedia&parent=4898"}],"wp:term":[{"taxonomy":"category","embeddable":true,"href":"https:\/\/diarionews.com.br\/index.php?rest_route=%2Fwp%2Fv2%2Fcategories&post=4898"},{"taxonomy":"post_tag","embeddable":true,"href":"https:\/\/diarionews.com.br\/index.php?rest_route=%2Fwp%2Fv2%2Ftags&post=4898"}],"curies":[{"name":"wp","href":"https:\/\/api.w.org\/{rel}","templated":true}]}}