{"id":4895,"date":"2026-02-20T06:38:32","date_gmt":"2026-02-20T10:38:32","guid":{"rendered":"https:\/\/diarionews.com.br\/?p=4895"},"modified":"2026-04-01T15:40:21","modified_gmt":"2026-04-01T19:40:21","slug":"pgr-prepara-decisao-sobre-caso-das-joias-sauditas-envolvendo-jair-bolsonaro","status":"publish","type":"post","link":"https:\/\/diarionews.com.br\/?p=4895","title":{"rendered":"PGR prepara decis\u00e3o sobre caso das joias sauditas envolvendo Jair Bolsonaro"},"content":{"rendered":"\n<p>A Paulo Gonet, chefe da Procuradoria\u2011Geral da Rep\u00fablica (PGR), deve nos pr\u00f3ximos dias anunciar oficialmente o desfecho do chamado caso das joias sauditas que envolve o ex-presidente Jair Bolsonaro. A expectativa \u00e9 que Gonet decida se validar\u00e1 a investiga\u00e7\u00e3o conduzida pela Pol\u00edcia Federal e apresentar\u00e1 den\u00fancia formal contra Bolsonaro ou se encaminhar\u00e1 o processo ao arquivo, conforme despacho no \u00e2mbito da investiga\u00e7\u00e3o.<\/p>\n\n\n\n<p>O caso \u00e9 alvo de investiga\u00e7\u00e3o desde que as joias foram recebidas por Bolsonaro durante o mandato presidencial e n\u00e3o foram declaradas como patrim\u00f4nio do Estado. Em julho de 2024, a PF indiciou o ex-presidente por crimes como peculato, associa\u00e7\u00e3o criminosa e lavagem de dinheiro, no contexto da suposta venda ilegal de presentes diplom\u00e1ticos.<\/p>\n\n\n\n<p>Parte das joias teria sido negociada nos Estados Unidos, segundo a investiga\u00e7\u00e3o, e aliados de Bolsonaro em algum momento tentaram recomprar os itens para devolv\u00ea-los ao governo brasileiro ap\u00f3s a revela\u00e7\u00e3o do caso. A defesa sempre negou irregularidades e afirmou que os presentes obedecem aos protocolos vigentes.<\/p>\n\n\n\n<p>A decis\u00e3o da PGR ocorrer\u00e1 em meio a um conjunto mais amplo de apura\u00e7\u00f5es envolvendo Bolsonaro e seus aliados, e pode marcar um avan\u00e7o na tramita\u00e7\u00e3o judicial de um dos casos mais comentados da pol\u00edtica brasileira recente, cuja resolu\u00e7\u00e3o ainda depende das defini\u00e7\u00f5es finais sobre a manuten\u00e7\u00e3o ou descarte das acusa\u00e7\u00f5es.<\/p>\n","protected":false},"excerpt":{"rendered":"<p>A Paulo Gonet, chefe da Procuradoria\u2011Geral da Rep\u00fablica (PGR), deve nos pr\u00f3ximos dias anunciar oficialmente o desfecho do chamado caso das joias sauditas que envolve o ex-presidente Jair Bolsonaro. A expectativa \u00e9 que Gonet decida se validar\u00e1 a investiga\u00e7\u00e3o conduzida pela Pol\u00edcia Federal e apresentar\u00e1 den\u00fancia formal contra Bolsonaro ou se encaminhar\u00e1 o processo ao [&hellip;]<\/p>\n","protected":false},"author":3,"featured_media":4896,"comment_status":"open","ping_status":"open","sticky":false,"template":"","format":"standard","meta":{"footnotes":""},"categories":[12],"tags":[],"class_list":["post-4895","post","type-post","status-publish","format-standard","has-post-thumbnail","hentry","category-nacionais"],"_links":{"self":[{"href":"https:\/\/diarionews.com.br\/index.php?rest_route=\/wp\/v2\/posts\/4895","targetHints":{"allow":["GET"]}}],"collection":[{"href":"https:\/\/diarionews.com.br\/index.php?rest_route=\/wp\/v2\/posts"}],"about":[{"href":"https:\/\/diarionews.com.br\/index.php?rest_route=\/wp\/v2\/types\/post"}],"author":[{"embeddable":true,"href":"https:\/\/diarionews.com.br\/index.php?rest_route=\/wp\/v2\/users\/3"}],"replies":[{"embeddable":true,"href":"https:\/\/diarionews.com.br\/index.php?rest_route=%2Fwp%2Fv2%2Fcomments&post=4895"}],"version-history":[{"count":1,"href":"https:\/\/diarionews.com.br\/index.php?rest_route=\/wp\/v2\/posts\/4895\/revisions"}],"predecessor-version":[{"id":4897,"href":"https:\/\/diarionews.com.br\/index.php?rest_route=\/wp\/v2\/posts\/4895\/revisions\/4897"}],"wp:featuredmedia":[{"embeddable":true,"href":"https:\/\/diarionews.com.br\/index.php?rest_route=\/wp\/v2\/media\/4896"}],"wp:attachment":[{"href":"https:\/\/diarionews.com.br\/index.php?rest_route=%2Fwp%2Fv2%2Fmedia&parent=4895"}],"wp:term":[{"taxonomy":"category","embeddable":true,"href":"https:\/\/diarionews.com.br\/index.php?rest_route=%2Fwp%2Fv2%2Fcategories&post=4895"},{"taxonomy":"post_tag","embeddable":true,"href":"https:\/\/diarionews.com.br\/index.php?rest_route=%2Fwp%2Fv2%2Ftags&post=4895"}],"curies":[{"name":"wp","href":"https:\/\/api.w.org\/{rel}","templated":true}]}}