{"id":4890,"date":"2026-02-20T06:34:18","date_gmt":"2026-02-20T10:34:18","guid":{"rendered":"https:\/\/diarionews.com.br\/?p=4890"},"modified":"2026-04-01T15:18:40","modified_gmt":"2026-04-01T19:18:40","slug":"policia-registra-ocorrencias-de-drogas-em-alta-floresta","status":"publish","type":"post","link":"https:\/\/diarionews.com.br\/?p=4890","title":{"rendered":"Pol\u00edcia registra ocorr\u00eancias de drogas em Alta Floresta"},"content":{"rendered":"\n<p>O 8\u00ba Batalh\u00e3o da Pol\u00edcia Militar, vinculado ao 9\u00ba Comando Regional de Alta Floresta, registrou duas ocorr\u00eancias relacionadas a entorpecentes nesta quinta-feira, 19 de fevereiro de 2026, em bairros distintos do munic\u00edpio. As a\u00e7\u00f5es resultaram na deten\u00e7\u00e3o de suspeitos e na lavratura dos procedimentos cab\u00edveis.<\/p>\n\n\n\n<p>A primeira ocorr\u00eancia foi registrada \u00e0s 15h30, no bairro Boa Esperan\u00e7a, por uso il\u00edcito de droga. Durante rondas pela regi\u00e3o, a guarni\u00e7\u00e3o da Pol\u00edcia Militar abordou um suspeito, homem de 21 anos. Durante a abordagem, foi encontrada com ele uma por\u00e7\u00e3o de subst\u00e2ncia an\u00e1loga \u00e0 maconha. Questionado, o suspeito afirmou que o material era de sua propriedade e que faz uso de entorpecente. Diante dos fatos, ele foi detido por infringir o artigo 28 da Lei de Drogas n\u00ba 11.343\/2006 e encaminhado \u00e0 sede do 9\u00ba Comando Regional para a confec\u00e7\u00e3o do Termo Circunstanciado de Ocorr\u00eancia, TCO.<\/p>\n\n\n\n<p>A segunda ocorr\u00eancia foi registrada \u00e0s 17h50, no bairro Cidade Bela, envolvendo tr\u00e1fico il\u00edcito de drogas, associa\u00e7\u00e3o para o tr\u00e1fico e cultivo il\u00edcito de drogas. Durante patrulhamento t\u00e1tico, a equipe da For\u00e7a T\u00e1tica Raio se deparou com o condutor de uma motoneta trafegando com o capacete levantado, apoiado na testa, o que motivou a abordagem. Na busca pessoal, nada de il\u00edcito foi encontrado, por\u00e9m no compartimento do capacete foram localizadas duas por\u00e7\u00f5es de subst\u00e2ncia an\u00e1loga \u00e0 maconha, embaladas para venda.<\/p>\n\n\n\n<p>Ao ser questionado sobre a origem da droga, o suspeito indicou o endere\u00e7o de sua resid\u00eancia. No local estavam sua companheira, uma mulher de 19 anos, e dois homens, de 19 e 23 anos, identificados como primos que tamb\u00e9m moram no im\u00f3vel. Sobre a mesa da casa havia diversos materiais relacionados \u00e0 pr\u00e1tica do tr\u00e1fico, conforme registrado no boletim de ocorr\u00eancia. No quintal foram encontrados dois vasos com plantas semelhantes \u00e0 cannabis, que os pr\u00f3prios suspeitos confirmaram se tratar da subst\u00e2ncia e afirmaram ser de sua propriedade. Diante do flagrante, os quatro suspeitos foram encaminhados \u00e0 Delegacia de Pol\u00edcia Civil, sem les\u00f5es corporais e sem o uso de algemas, para as provid\u00eancias legais cab\u00edveis.<\/p>\n","protected":false},"excerpt":{"rendered":"<p>O 8\u00ba Batalh\u00e3o da Pol\u00edcia Militar, vinculado ao 9\u00ba Comando Regional de Alta Floresta, registrou duas ocorr\u00eancias relacionadas a entorpecentes nesta quinta-feira, 19 de fevereiro de 2026, em bairros distintos do munic\u00edpio. As a\u00e7\u00f5es resultaram na deten\u00e7\u00e3o de suspeitos e na lavratura dos procedimentos cab\u00edveis. A primeira ocorr\u00eancia foi registrada \u00e0s 15h30, no bairro Boa [&hellip;]<\/p>\n","protected":false},"author":3,"featured_media":4891,"comment_status":"open","ping_status":"open","sticky":false,"template":"","format":"standard","meta":{"footnotes":""},"categories":[14],"tags":[89,1372,956,344],"class_list":["post-4890","post","type-post","status-publish","format-standard","has-post-thumbnail","hentry","category-policia","tag-altafloresta","tag-cannabis","tag-importante","tag-prisao-2"],"_links":{"self":[{"href":"https:\/\/diarionews.com.br\/index.php?rest_route=\/wp\/v2\/posts\/4890","targetHints":{"allow":["GET"]}}],"collection":[{"href":"https:\/\/diarionews.com.br\/index.php?rest_route=\/wp\/v2\/posts"}],"about":[{"href":"https:\/\/diarionews.com.br\/index.php?rest_route=\/wp\/v2\/types\/post"}],"author":[{"embeddable":true,"href":"https:\/\/diarionews.com.br\/index.php?rest_route=\/wp\/v2\/users\/3"}],"replies":[{"embeddable":true,"href":"https:\/\/diarionews.com.br\/index.php?rest_route=%2Fwp%2Fv2%2Fcomments&post=4890"}],"version-history":[{"count":1,"href":"https:\/\/diarionews.com.br\/index.php?rest_route=\/wp\/v2\/posts\/4890\/revisions"}],"predecessor-version":[{"id":4892,"href":"https:\/\/diarionews.com.br\/index.php?rest_route=\/wp\/v2\/posts\/4890\/revisions\/4892"}],"wp:featuredmedia":[{"embeddable":true,"href":"https:\/\/diarionews.com.br\/index.php?rest_route=\/wp\/v2\/media\/4891"}],"wp:attachment":[{"href":"https:\/\/diarionews.com.br\/index.php?rest_route=%2Fwp%2Fv2%2Fmedia&parent=4890"}],"wp:term":[{"taxonomy":"category","embeddable":true,"href":"https:\/\/diarionews.com.br\/index.php?rest_route=%2Fwp%2Fv2%2Fcategories&post=4890"},{"taxonomy":"post_tag","embeddable":true,"href":"https:\/\/diarionews.com.br\/index.php?rest_route=%2Fwp%2Fv2%2Ftags&post=4890"}],"curies":[{"name":"wp","href":"https:\/\/api.w.org\/{rel}","templated":true}]}}