{"id":4882,"date":"2026-02-20T06:09:56","date_gmt":"2026-02-20T10:09:56","guid":{"rendered":"https:\/\/diarionews.com.br\/?p=4882"},"modified":"2026-04-01T15:18:33","modified_gmt":"2026-04-01T19:18:33","slug":"alta-floresta-adere-ao-programa-periferia-viva-e-amplia-acoes-habitacionais","status":"publish","type":"post","link":"https:\/\/diarionews.com.br\/?p=4882","title":{"rendered":"Alta Floresta adere ao programa Periferia Viva e amplia a\u00e7\u00f5es habitacionais"},"content":{"rendered":"\n<p>A Prefeitura de Alta Floresta formalizou nesta semana a ades\u00e3o ao <em>Programa Periferia Viva \u2013 Reformas<\/em>, uma iniciativa do Governo Federal executada pelo Minist\u00e9rio das Cidades que destina recursos espec\u00edficos para melhorias habitacionais em resid\u00eancias de fam\u00edlias de baixa renda na zona urbana do munic\u00edpio. A medida foi anunciada oficialmente pela administra\u00e7\u00e3o municipal em 19 de fevereiro de 2026, com a perspectiva de ampliar o acesso a condi\u00e7\u00f5es residenciais mais dignas.<\/p>\n\n\n\n<p>O foco principal do programa est\u00e1 na corre\u00e7\u00e3o de inadequa\u00e7\u00f5es sanit\u00e1rias nas moradias, como a constru\u00e7\u00e3o ou reforma de banheiros, mas os recursos dispon\u00edveis permitem que os benefici\u00e1rios tamb\u00e9m fa\u00e7am outras interven\u00e7\u00f5es necess\u00e1rias na estrutura da casa. Cada fam\u00edlia contemplada poder\u00e1 receber at\u00e9 R$ 40 000,00 para executar as melhorias, considerando as necessidades espec\u00edficas de cada resid\u00eancia.<\/p>\n\n\n\n<p>Segundo o prefeito de Alta Floresta, Chico Gamba, a iniciativa representa um avan\u00e7o importante na pol\u00edtica de assist\u00eancia social da cidade, sobretudo no que diz respeito \u00e0 dignidade e \u00e0 qualidade de vida das fam\u00edlias de baixa renda. Em sua avalia\u00e7\u00e3o, a parceria com o Governo Federal fortalece as a\u00e7\u00f5es municipais voltadas \u00e0 melhoria do ambiente domiciliar de moradores que enfrentam dificuldades econ\u00f4micas.<\/p>\n\n\n\n<p>A secret\u00e1ria municipal de Assist\u00eancia Social e Cidadania, Vilma Gamba, explicou que, apesar da prioridade ser a adequa\u00e7\u00e3o sanit\u00e1ria, os recursos assegurados pelo programa permitem que as fam\u00edlias tamb\u00e9m realizem a\u00e7\u00f5es como a instala\u00e7\u00e3o de caixa d\u2019\u00e1gua, a substitui\u00e7\u00e3o de telhados e outras interven\u00e7\u00f5es que melhoram as condi\u00e7\u00f5es gerais da casa. Para participar, as fam\u00edlias interessadas devem atender aos crit\u00e9rios definidos pelo programa, incluindo limites de renda e condi\u00e7\u00f5es da moradia.<\/p>\n","protected":false},"excerpt":{"rendered":"<p>A Prefeitura de Alta Floresta formalizou nesta semana a ades\u00e3o ao Programa Periferia Viva \u2013 Reformas, uma iniciativa do Governo Federal executada pelo Minist\u00e9rio das Cidades que destina recursos espec\u00edficos para melhorias habitacionais em resid\u00eancias de fam\u00edlias de baixa renda na zona urbana do munic\u00edpio. A medida foi anunciada oficialmente pela administra\u00e7\u00e3o municipal em 19 [&hellip;]<\/p>\n","protected":false},"author":3,"featured_media":4883,"comment_status":"open","ping_status":"open","sticky":false,"template":"","format":"standard","meta":{"footnotes":""},"categories":[6],"tags":[89,956],"class_list":["post-4882","post","type-post","status-publish","format-standard","has-post-thumbnail","hentry","category-local","tag-altafloresta","tag-importante"],"_links":{"self":[{"href":"https:\/\/diarionews.com.br\/index.php?rest_route=\/wp\/v2\/posts\/4882","targetHints":{"allow":["GET"]}}],"collection":[{"href":"https:\/\/diarionews.com.br\/index.php?rest_route=\/wp\/v2\/posts"}],"about":[{"href":"https:\/\/diarionews.com.br\/index.php?rest_route=\/wp\/v2\/types\/post"}],"author":[{"embeddable":true,"href":"https:\/\/diarionews.com.br\/index.php?rest_route=\/wp\/v2\/users\/3"}],"replies":[{"embeddable":true,"href":"https:\/\/diarionews.com.br\/index.php?rest_route=%2Fwp%2Fv2%2Fcomments&post=4882"}],"version-history":[{"count":1,"href":"https:\/\/diarionews.com.br\/index.php?rest_route=\/wp\/v2\/posts\/4882\/revisions"}],"predecessor-version":[{"id":4884,"href":"https:\/\/diarionews.com.br\/index.php?rest_route=\/wp\/v2\/posts\/4882\/revisions\/4884"}],"wp:featuredmedia":[{"embeddable":true,"href":"https:\/\/diarionews.com.br\/index.php?rest_route=\/wp\/v2\/media\/4883"}],"wp:attachment":[{"href":"https:\/\/diarionews.com.br\/index.php?rest_route=%2Fwp%2Fv2%2Fmedia&parent=4882"}],"wp:term":[{"taxonomy":"category","embeddable":true,"href":"https:\/\/diarionews.com.br\/index.php?rest_route=%2Fwp%2Fv2%2Fcategories&post=4882"},{"taxonomy":"post_tag","embeddable":true,"href":"https:\/\/diarionews.com.br\/index.php?rest_route=%2Fwp%2Fv2%2Ftags&post=4882"}],"curies":[{"name":"wp","href":"https:\/\/api.w.org\/{rel}","templated":true}]}}