{"id":4880,"date":"2026-02-20T06:04:42","date_gmt":"2026-02-20T10:04:42","guid":{"rendered":"https:\/\/diarionews.com.br\/?p=4880"},"modified":"2026-04-01T15:19:28","modified_gmt":"2026-04-01T19:19:28","slug":"alta-floresta-da-inicio-a-vacinacao-contra-a-dengue","status":"publish","type":"post","link":"https:\/\/diarionews.com.br\/?p=4880","title":{"rendered":"Alta Floresta d\u00e1 in\u00edcio \u00e0 vacina\u00e7\u00e3o contra a dengue"},"content":{"rendered":"\n<p>A Secret\u00e1ria Municipal de Sa\u00fade informa que a vacina contra a dengue j\u00e1 est\u00e1 dispon\u00edvel para crian\u00e7as e adolescentes com idade entre 10 e 14 anos nas Unidades B\u00e1sicas de Sa\u00fade (UBS) do munic\u00edpio.<\/p>\n\n\n\n<p>A imuniza\u00e7\u00e3o faz parte das estrat\u00e9gias de enfrentamento \u00e0 dengue, doen\u00e7a que tem preocupado autoridades de sa\u00fade em todo o pa\u00eds, especialmente em per\u00edodos de maior circula\u00e7\u00e3o do v\u00edrus.<\/p>\n\n\n\n<p>O departamento de Vigil\u00e2ncia Epidemiol\u00f3gica refor\u00e7a que a vacina \u00e9 uma importante aliada na preven\u00e7\u00e3o, contribuindo para reduzir casos graves, interna\u00e7\u00f5es e complica\u00e7\u00f5es causadas pela doen\u00e7a.<\/p>\n\n\n\n<p>Para receber a dose, \u00e9 necess\u00e1rio que o respons\u00e1vel leve a crian\u00e7a e\/ou adolescente at\u00e9 a UBS mais pr\u00f3xima, apresentando:<\/p>\n\n\n\n<p>Cart\u00e3o de vacina, Cart\u00e3o do SUS e CPF<\/p>\n\n\n\n<p>A orienta\u00e7\u00e3o \u00e9 que os pais e respons\u00e1veis n\u00e3o deixem para depois. A preven\u00e7\u00e3o come\u00e7a antes do mosquito picar, e a vacina\u00e7\u00e3o \u00e9 um gesto de cuidado, amor e responsabilidade com a sa\u00fade dos nossos jovens.<\/p>\n\n\n\n<p>Al\u00e9m da vacina, a Prefeitura refor\u00e7a que o combate \u00e0 dengue tamb\u00e9m depende da colabora\u00e7\u00e3o de toda a popula\u00e7\u00e3o, eliminando poss\u00edveis criadouros do mosquito Aedes aegypti e evitando o ac\u00famulo de \u00e1gua parada. Proteger nossas crian\u00e7as e adolescentes \u00e9 proteger o futuro da nossa cidade.<\/p>\n","protected":false},"excerpt":{"rendered":"<p>A Secret\u00e1ria Municipal de Sa\u00fade informa que a vacina contra a dengue j\u00e1 est\u00e1 dispon\u00edvel para crian\u00e7as e adolescentes com idade entre 10 e 14 anos nas Unidades B\u00e1sicas de Sa\u00fade (UBS) do munic\u00edpio. A imuniza\u00e7\u00e3o faz parte das estrat\u00e9gias de enfrentamento \u00e0 dengue, doen\u00e7a que tem preocupado autoridades de sa\u00fade em todo o pa\u00eds, [&hellip;]<\/p>\n","protected":false},"author":3,"featured_media":2893,"comment_status":"open","ping_status":"open","sticky":false,"template":"","format":"standard","meta":{"footnotes":""},"categories":[2],"tags":[89,956,867,1035],"class_list":["post-4880","post","type-post","status-publish","format-standard","has-post-thumbnail","hentry","category-saude","tag-altafloresta","tag-importante","tag-saude","tag-vacina"],"_links":{"self":[{"href":"https:\/\/diarionews.com.br\/index.php?rest_route=\/wp\/v2\/posts\/4880","targetHints":{"allow":["GET"]}}],"collection":[{"href":"https:\/\/diarionews.com.br\/index.php?rest_route=\/wp\/v2\/posts"}],"about":[{"href":"https:\/\/diarionews.com.br\/index.php?rest_route=\/wp\/v2\/types\/post"}],"author":[{"embeddable":true,"href":"https:\/\/diarionews.com.br\/index.php?rest_route=\/wp\/v2\/users\/3"}],"replies":[{"embeddable":true,"href":"https:\/\/diarionews.com.br\/index.php?rest_route=%2Fwp%2Fv2%2Fcomments&post=4880"}],"version-history":[{"count":1,"href":"https:\/\/diarionews.com.br\/index.php?rest_route=\/wp\/v2\/posts\/4880\/revisions"}],"predecessor-version":[{"id":4881,"href":"https:\/\/diarionews.com.br\/index.php?rest_route=\/wp\/v2\/posts\/4880\/revisions\/4881"}],"wp:featuredmedia":[{"embeddable":true,"href":"https:\/\/diarionews.com.br\/index.php?rest_route=\/wp\/v2\/media\/2893"}],"wp:attachment":[{"href":"https:\/\/diarionews.com.br\/index.php?rest_route=%2Fwp%2Fv2%2Fmedia&parent=4880"}],"wp:term":[{"taxonomy":"category","embeddable":true,"href":"https:\/\/diarionews.com.br\/index.php?rest_route=%2Fwp%2Fv2%2Fcategories&post=4880"},{"taxonomy":"post_tag","embeddable":true,"href":"https:\/\/diarionews.com.br\/index.php?rest_route=%2Fwp%2Fv2%2Ftags&post=4880"}],"curies":[{"name":"wp","href":"https:\/\/api.w.org\/{rel}","templated":true}]}}