{"id":4840,"date":"2026-02-19T06:31:54","date_gmt":"2026-02-19T10:31:54","guid":{"rendered":"https:\/\/diarionews.com.br\/?p=4840"},"modified":"2026-04-01T15:19:51","modified_gmt":"2026-04-01T19:19:51","slug":"setor-policial-registra-dia-tranquilo-em-alta-floresta","status":"publish","type":"post","link":"https:\/\/diarionews.com.br\/?p=4840","title":{"rendered":"Setor policial registra dia tranquilo em Alta Floresta"},"content":{"rendered":"\n<p>O setor policial de Alta Floresta teve um dia considerado calmo nesta quarta-feira, 18 de fevereiro de 2026, conforme a resenha de ocorr\u00eancias do 8\u00ba Batalh\u00e3o da Pol\u00edcia Militar, vinculado ao 9\u00ba Comando Regional. Foram registradas duas ocorr\u00eancias ao longo do dia, uma relacionada a danos materiais no tr\u00e2nsito e outra referente ao cumprimento de mandado de pris\u00e3o.<\/p>\n\n\n\n<p>A primeira ocorr\u00eancia foi registrada \u00e0s 8h, na Perimetral Rog\u00e9rio Silva. O comunicante relatou que trafegava sentido MT-208, conduzindo uma Toyota Hilux branca, quando um Nissan March branco, dirigido por um homem identificado como S\u00e9rgio, adentrou a via e provocou o acidente. Segundo o relato, ap\u00f3s a colis\u00e3o o condutor do Nissan afirmou que n\u00e3o seria necess\u00e1rio confeccionar boletim de ocorr\u00eancia, pois arcaria com os custos do preju\u00edzo.<\/p>\n\n\n\n<p>No entanto, na \u00faltima segunda-feira, 16 de fevereiro de 2025, o motorista teria se recusado a pagar pelos danos causados ao ve\u00edculo da v\u00edtima. Diante da situa\u00e7\u00e3o, o boletim de ocorr\u00eancia foi confeccionado e encaminhado online \u00e0 Delegacia Municipal de Pol\u00edcia Judici\u00e1ria Civil para as provid\u00eancias cab\u00edveis.<\/p>\n\n\n\n<p>J\u00e1 \u00e0s 14h50, na regi\u00e3o central da cidade, a guarni\u00e7\u00e3o foi informada pelo assessor militar da comarca sobre a exist\u00eancia de um mandado de pris\u00e3o em aberto, de n\u00famero 8001630-82.2021.8.05.0137.01.0001-18, contra um homem de 35 anos. O suspeito foi localizado, detido e encaminhado \u00e0 delegacia para as demais provid\u00eancias. Conforme a pol\u00edcia, ele n\u00e3o apresentava les\u00f5es e n\u00e3o houve necessidade do uso de algemas.<\/p>\n","protected":false},"excerpt":{"rendered":"<p>O setor policial de Alta Floresta teve um dia considerado calmo nesta quarta-feira, 18 de fevereiro de 2026, conforme a resenha de ocorr\u00eancias do 8\u00ba Batalh\u00e3o da Pol\u00edcia Militar, vinculado ao 9\u00ba Comando Regional. Foram registradas duas ocorr\u00eancias ao longo do dia, uma relacionada a danos materiais no tr\u00e2nsito e outra referente ao cumprimento de [&hellip;]<\/p>\n","protected":false},"author":3,"featured_media":2878,"comment_status":"open","ping_status":"open","sticky":false,"template":"","format":"standard","meta":{"footnotes":""},"categories":[14],"tags":[89,956],"class_list":["post-4840","post","type-post","status-publish","format-standard","has-post-thumbnail","hentry","category-policia","tag-altafloresta","tag-importante"],"_links":{"self":[{"href":"https:\/\/diarionews.com.br\/index.php?rest_route=\/wp\/v2\/posts\/4840","targetHints":{"allow":["GET"]}}],"collection":[{"href":"https:\/\/diarionews.com.br\/index.php?rest_route=\/wp\/v2\/posts"}],"about":[{"href":"https:\/\/diarionews.com.br\/index.php?rest_route=\/wp\/v2\/types\/post"}],"author":[{"embeddable":true,"href":"https:\/\/diarionews.com.br\/index.php?rest_route=\/wp\/v2\/users\/3"}],"replies":[{"embeddable":true,"href":"https:\/\/diarionews.com.br\/index.php?rest_route=%2Fwp%2Fv2%2Fcomments&post=4840"}],"version-history":[{"count":1,"href":"https:\/\/diarionews.com.br\/index.php?rest_route=\/wp\/v2\/posts\/4840\/revisions"}],"predecessor-version":[{"id":4841,"href":"https:\/\/diarionews.com.br\/index.php?rest_route=\/wp\/v2\/posts\/4840\/revisions\/4841"}],"wp:featuredmedia":[{"embeddable":true,"href":"https:\/\/diarionews.com.br\/index.php?rest_route=\/wp\/v2\/media\/2878"}],"wp:attachment":[{"href":"https:\/\/diarionews.com.br\/index.php?rest_route=%2Fwp%2Fv2%2Fmedia&parent=4840"}],"wp:term":[{"taxonomy":"category","embeddable":true,"href":"https:\/\/diarionews.com.br\/index.php?rest_route=%2Fwp%2Fv2%2Fcategories&post=4840"},{"taxonomy":"post_tag","embeddable":true,"href":"https:\/\/diarionews.com.br\/index.php?rest_route=%2Fwp%2Fv2%2Ftags&post=4840"}],"curies":[{"name":"wp","href":"https:\/\/api.w.org\/{rel}","templated":true}]}}