{"id":4837,"date":"2026-02-19T06:29:29","date_gmt":"2026-02-19T10:29:29","guid":{"rendered":"https:\/\/diarionews.com.br\/?p=4837"},"modified":"2026-04-01T15:18:28","modified_gmt":"2026-04-01T19:18:28","slug":"carta-sigilosa-da-onu-aponta-assassinato-e-atraso-em-demarcacoes-no-brasil","status":"publish","type":"post","link":"https:\/\/diarionews.com.br\/?p=4837","title":{"rendered":"Carta sigilosa da ONU aponta assassinato e atraso em demarca\u00e7\u00f5es no Brasil"},"content":{"rendered":"\n<p>Uma carta enviada por relatores da Organiza\u00e7\u00e3o das Na\u00e7\u00f5es Unidas em dezembro de 2025 denunciou a morte de um l\u00edder ind\u00edgena e a lentid\u00e3o na demarca\u00e7\u00e3o de terras no Brasil, segundo reportagem publicada na sexta-feira. O documento, sigiloso e obtido com exclusividade pela imprensa, cobra explica\u00e7\u00f5es do governo brasileiro sobre epis\u00f3dios de viol\u00eancia contra povos ind\u00edgenas e a morosidade em reconhecer territ\u00f3rios tradicionais.<\/p>\n\n\n\n<p>Assinam a carta Mary Lawlor, relatora sobre defensores de direitos humanos, Morris Tidball-Binz, relator sobre execu\u00e7\u00f5es extrajudiciais, e Albert K. Barume, relator especial sobre os direitos dos povos ind\u00edgenas. No texto, os especialistas demonstram preocupa\u00e7\u00e3o com a morte do l\u00edder ind\u00edgena Vicente Fernandes Kaiow\u00e1, ocorrida em novembro de 2025 no sul do Mato Grosso do Sul, e relatam o risco de novos ataques fatais diante da continuidade de conflitos por terras.<\/p>\n\n\n\n<p>O documento tamb\u00e9m descreve que, embora em 2007 tenha sido firmado um acordo para demarcar 36 territ\u00f3rios Guarani-Kaiow\u00e1 at\u00e9 2010, v\u00e1rios desses processos ficaram paralisados, deixando comunidades em situa\u00e7\u00e3o de extrema pobreza em \u00e1reas reduzidas, cercadas por planta\u00e7\u00f5es e com dificultoso acesso a recursos. A carta menciona que a morosidade da demarca\u00e7\u00e3o contribuiu para que grupos ind\u00edgenas reocupassem seus territ\u00f3rios tradicionais, enfrentando ataques de homens armados, ferimentos e a morte de Fernandes.<\/p>\n\n\n\n<p>Os relatores ressaltam que a Constitui\u00e7\u00e3o brasileira reconhece o direito dos povos ind\u00edgenas \u00e0s suas terras, mas destacam que muitos territ\u00f3rios permanecem sem reconhecimento formal, alimentando conflitos e inseguran\u00e7a. Eles pedem que medidas concretas sejam tomadas para demarcar, titular e reformar agr\u00e1ria, remover invasores e levar \u00e0 justi\u00e7a respons\u00e1veis por viol\u00eancia, incluindo os autores intelectuais e materiais dos ataques.<\/p>\n","protected":false},"excerpt":{"rendered":"<p>Uma carta enviada por relatores da Organiza\u00e7\u00e3o das Na\u00e7\u00f5es Unidas em dezembro de 2025 denunciou a morte de um l\u00edder ind\u00edgena e a lentid\u00e3o na demarca\u00e7\u00e3o de terras no Brasil, segundo reportagem publicada na sexta-feira. O documento, sigiloso e obtido com exclusividade pela imprensa, cobra explica\u00e7\u00f5es do governo brasileiro sobre epis\u00f3dios de viol\u00eancia contra povos [&hellip;]<\/p>\n","protected":false},"author":3,"featured_media":4838,"comment_status":"open","ping_status":"open","sticky":false,"template":"","format":"standard","meta":{"footnotes":""},"categories":[11],"tags":[956],"class_list":["post-4837","post","type-post","status-publish","format-standard","has-post-thumbnail","hentry","category-mundo","tag-importante"],"_links":{"self":[{"href":"https:\/\/diarionews.com.br\/index.php?rest_route=\/wp\/v2\/posts\/4837","targetHints":{"allow":["GET"]}}],"collection":[{"href":"https:\/\/diarionews.com.br\/index.php?rest_route=\/wp\/v2\/posts"}],"about":[{"href":"https:\/\/diarionews.com.br\/index.php?rest_route=\/wp\/v2\/types\/post"}],"author":[{"embeddable":true,"href":"https:\/\/diarionews.com.br\/index.php?rest_route=\/wp\/v2\/users\/3"}],"replies":[{"embeddable":true,"href":"https:\/\/diarionews.com.br\/index.php?rest_route=%2Fwp%2Fv2%2Fcomments&post=4837"}],"version-history":[{"count":1,"href":"https:\/\/diarionews.com.br\/index.php?rest_route=\/wp\/v2\/posts\/4837\/revisions"}],"predecessor-version":[{"id":4839,"href":"https:\/\/diarionews.com.br\/index.php?rest_route=\/wp\/v2\/posts\/4837\/revisions\/4839"}],"wp:featuredmedia":[{"embeddable":true,"href":"https:\/\/diarionews.com.br\/index.php?rest_route=\/wp\/v2\/media\/4838"}],"wp:attachment":[{"href":"https:\/\/diarionews.com.br\/index.php?rest_route=%2Fwp%2Fv2%2Fmedia&parent=4837"}],"wp:term":[{"taxonomy":"category","embeddable":true,"href":"https:\/\/diarionews.com.br\/index.php?rest_route=%2Fwp%2Fv2%2Fcategories&post=4837"},{"taxonomy":"post_tag","embeddable":true,"href":"https:\/\/diarionews.com.br\/index.php?rest_route=%2Fwp%2Fv2%2Ftags&post=4837"}],"curies":[{"name":"wp","href":"https:\/\/api.w.org\/{rel}","templated":true}]}}