{"id":4831,"date":"2026-02-18T07:17:03","date_gmt":"2026-02-18T11:17:03","guid":{"rendered":"https:\/\/diarionews.com.br\/?p=4831"},"modified":"2026-04-01T15:17:59","modified_gmt":"2026-04-01T19:17:59","slug":"empresas-devem-redobrar-atencao-as-regras-trabalhistas-em-ano-com-muitos-feriados","status":"publish","type":"post","link":"https:\/\/diarionews.com.br\/?p=4831","title":{"rendered":"Empresas devem redobrar aten\u00e7\u00e3o \u00e0s regras trabalhistas em ano com muitos feriados"},"content":{"rendered":"\n<p>Em 2026, ano marcado por um n\u00famero elevado de feriados, empresas de todo o Brasil s\u00e3o orientadas a rever suas pr\u00e1ticas trabalhistas e calend\u00e1rios internos para evitar conflitos com empregados e puni\u00e7\u00f5es por descumprimento de normas. Especialistas em direito do trabalho afirmam que o ac\u00famulo de dias de folga pode impactar diretamente a organiza\u00e7\u00e3o das jornadas, c\u00e1lculos de sal\u00e1rios e acordos coletivos, exigindo aten\u00e7\u00e3o redobrada por parte de empregadores e gestores. <\/p>\n\n\n\n<p>Segundo advogados consultados, a legisla\u00e7\u00e3o brasileira prev\u00ea diferentes formas de compensa\u00e7\u00e3o por feriados que coincidem com dias \u00fateis, incluindo banco de horas e acordo individual ou coletivo, mas as empresas precisam observar criteriosamente os requisitos e limita\u00e7\u00f5es legais. A proposta, explicam eles, \u00e9 evitar que trabalhadores tenham preju\u00edzo no sal\u00e1rio ou que empregadores sejam autuados por fiscaliza\u00e7\u00f5es por irregularidades no controle de pontualidade e pagamento de horas extras. <\/p>\n\n\n\n<p>Em anos com muitos feriados, como 2026, os profissionais de recursos humanos enfrentam desafios para organizar escalas que mantenham a continuidade dos servi\u00e7os, ao mesmo tempo em que respeitam os direitos dos empregados. A orienta\u00e7\u00e3o \u00e9 que os empregadores antecipem a elabora\u00e7\u00e3o de calend\u00e1rios, conversem com sindicatos e contem com o apoio de assessoria jur\u00eddica especializada para mitigar riscos e garantir conformidade com as normas trabalhistas. <\/p>\n\n\n\n<p>A publica\u00e7\u00e3o tamb\u00e9m destaca a necessidade de transpar\u00eancia na comunica\u00e7\u00e3o com os trabalhadores, para que todos compreendam como ser\u00e3o administradas as folgas e compensa\u00e7\u00f5es ao longo do ano. A clareza nas regras internas pode prevenir desentendimentos e reclama\u00e7\u00f5es, e contribuir para um ambiente de trabalho mais harmonioso mesmo em per\u00edodos de grande n\u00famero de feriados.<\/p>\n\n\n\n<p>Com VoceSA, acesse o conte\u00fado completo ao lado (<a href=\"https:\/\/vocesa.abril.com.br\/sociedade\/empresas-devem-redobrar-atencao-as-regras-trabalhistas-em-ano-com-muitos-feriados\/?utm_source=chatgpt.com\" target=\"_blank\" rel=\"noopener\">vocesa.abril.com.br<\/a>)<\/p>\n","protected":false},"excerpt":{"rendered":"<p>Em 2026, ano marcado por um n\u00famero elevado de feriados, empresas de todo o Brasil s\u00e3o orientadas a rever suas pr\u00e1ticas trabalhistas e calend\u00e1rios internos para evitar conflitos com empregados e puni\u00e7\u00f5es por descumprimento de normas. Especialistas em direito do trabalho afirmam que o ac\u00famulo de dias de folga pode impactar diretamente a organiza\u00e7\u00e3o das [&hellip;]<\/p>\n","protected":false},"author":3,"featured_media":4832,"comment_status":"open","ping_status":"open","sticky":false,"template":"","format":"standard","meta":{"footnotes":""},"categories":[12],"tags":[956,1357],"class_list":["post-4831","post","type-post","status-publish","format-standard","has-post-thumbnail","hentry","category-nacionais","tag-importante","tag-trabalhistas"],"_links":{"self":[{"href":"https:\/\/diarionews.com.br\/index.php?rest_route=\/wp\/v2\/posts\/4831","targetHints":{"allow":["GET"]}}],"collection":[{"href":"https:\/\/diarionews.com.br\/index.php?rest_route=\/wp\/v2\/posts"}],"about":[{"href":"https:\/\/diarionews.com.br\/index.php?rest_route=\/wp\/v2\/types\/post"}],"author":[{"embeddable":true,"href":"https:\/\/diarionews.com.br\/index.php?rest_route=\/wp\/v2\/users\/3"}],"replies":[{"embeddable":true,"href":"https:\/\/diarionews.com.br\/index.php?rest_route=%2Fwp%2Fv2%2Fcomments&post=4831"}],"version-history":[{"count":1,"href":"https:\/\/diarionews.com.br\/index.php?rest_route=\/wp\/v2\/posts\/4831\/revisions"}],"predecessor-version":[{"id":4833,"href":"https:\/\/diarionews.com.br\/index.php?rest_route=\/wp\/v2\/posts\/4831\/revisions\/4833"}],"wp:featuredmedia":[{"embeddable":true,"href":"https:\/\/diarionews.com.br\/index.php?rest_route=\/wp\/v2\/media\/4832"}],"wp:attachment":[{"href":"https:\/\/diarionews.com.br\/index.php?rest_route=%2Fwp%2Fv2%2Fmedia&parent=4831"}],"wp:term":[{"taxonomy":"category","embeddable":true,"href":"https:\/\/diarionews.com.br\/index.php?rest_route=%2Fwp%2Fv2%2Fcategories&post=4831"},{"taxonomy":"post_tag","embeddable":true,"href":"https:\/\/diarionews.com.br\/index.php?rest_route=%2Fwp%2Fv2%2Ftags&post=4831"}],"curies":[{"name":"wp","href":"https:\/\/api.w.org\/{rel}","templated":true}]}}