{"id":4823,"date":"2026-02-18T11:55:00","date_gmt":"2026-02-18T15:55:00","guid":{"rendered":"https:\/\/diarionews.com.br\/?p=4823"},"modified":"2026-04-01T15:20:05","modified_gmt":"2026-04-01T19:20:05","slug":"atencao-entidades-com-emendas-impositivas-tem-prazo-ate-fim-de-fevereiro-em-alta-floresta","status":"publish","type":"post","link":"https:\/\/diarionews.com.br\/?p=4823","title":{"rendered":"Aten\u00e7\u00e3o: Entidades com emendas impositivas t\u00eam prazo at\u00e9 fim de fevereiro em Alta Floresta"},"content":{"rendered":"\n<p>Entidades sociais e organiza\u00e7\u00f5es sem fins lucrativos de Alta Floresta que foram beneficiadas com emendas impositivas aprovadas pela C\u00e2mara Municipal t\u00eam at\u00e9 o final deste m\u00eas de fevereiro para apresentar seus planos de trabalho \u00e0 Secretaria de Governo. A determina\u00e7\u00e3o foi divulgada pela Mesa Diretora da Casa de Leis como parte do acompanhamento e da execu\u00e7\u00e3o or\u00e7ament\u00e1ria desses recursos p\u00fablicos. <\/p>\n\n\n\n<p>O prazo para apresenta\u00e7\u00e3o dos documentos \u00e9 considerado essencial para que as entidades possam dar sequ\u00eancia aos projetos e atividades que justificaram a destina\u00e7\u00e3o dos recursos das emendas. Sem a entrega dos planos de trabalho, os valores correspondentes podem ser bloqueados ou n\u00e3o liberados, prejudicando a\u00e7\u00f5es previstas em \u00e1reas como assist\u00eancia social, cultura, esporte, sa\u00fade e educa\u00e7\u00e3o. <\/p>\n\n\n\n<p>A Secretaria de Governo de Alta Floresta informou que os planos de trabalho devem detalhar objetivos, cronogramas, metas e a forma como os recursos ser\u00e3o aplicados, garantindo transpar\u00eancia e conformidade com a legisla\u00e7\u00e3o vigente. Essa exig\u00eancia integra as a\u00e7\u00f5es de controle e acompanhamento da execu\u00e7\u00e3o or\u00e7ament\u00e1ria, com vistas a assegurar que as emendas atendam \u00e0s reais necessidades da popula\u00e7\u00e3o atendida pelas entidades. <\/p>\n\n\n\n<p>Lideran\u00e7as de organiza\u00e7\u00f5es comunit\u00e1rias de Alta Floresta refor\u00e7aram a import\u00e2ncia de cumprir o prazo estabelecido, destacando que a formaliza\u00e7\u00e3o dos planos de trabalho \u00e9 uma etapa fundamental para o fortalecimento das a\u00e7\u00f5es sociais na cidade. O cumprimento dos requisitos tamb\u00e9m refor\u00e7a a responsabilidade compartilhada entre o poder p\u00fablico e a sociedade civil na efetiva\u00e7\u00e3o de pol\u00edticas p\u00fablicas que beneficiem diretamente moradores de diferentes bairros. <\/p>\n","protected":false},"excerpt":{"rendered":"<p>Entidades sociais e organiza\u00e7\u00f5es sem fins lucrativos de Alta Floresta que foram beneficiadas com emendas impositivas aprovadas pela C\u00e2mara Municipal t\u00eam at\u00e9 o final deste m\u00eas de fevereiro para apresentar seus planos de trabalho \u00e0 Secretaria de Governo. A determina\u00e7\u00e3o foi divulgada pela Mesa Diretora da Casa de Leis como parte do acompanhamento e da [&hellip;]<\/p>\n","protected":false},"author":3,"featured_media":4824,"comment_status":"open","ping_status":"open","sticky":false,"template":"","format":"standard","meta":{"footnotes":""},"categories":[19,6],"tags":[89,1341,956],"class_list":["post-4823","post","type-post","status-publish","format-standard","has-post-thumbnail","hentry","category-politica","category-local","tag-altafloresta","tag-atencao","tag-importante"],"_links":{"self":[{"href":"https:\/\/diarionews.com.br\/index.php?rest_route=\/wp\/v2\/posts\/4823","targetHints":{"allow":["GET"]}}],"collection":[{"href":"https:\/\/diarionews.com.br\/index.php?rest_route=\/wp\/v2\/posts"}],"about":[{"href":"https:\/\/diarionews.com.br\/index.php?rest_route=\/wp\/v2\/types\/post"}],"author":[{"embeddable":true,"href":"https:\/\/diarionews.com.br\/index.php?rest_route=\/wp\/v2\/users\/3"}],"replies":[{"embeddable":true,"href":"https:\/\/diarionews.com.br\/index.php?rest_route=%2Fwp%2Fv2%2Fcomments&post=4823"}],"version-history":[{"count":1,"href":"https:\/\/diarionews.com.br\/index.php?rest_route=\/wp\/v2\/posts\/4823\/revisions"}],"predecessor-version":[{"id":4825,"href":"https:\/\/diarionews.com.br\/index.php?rest_route=\/wp\/v2\/posts\/4823\/revisions\/4825"}],"wp:featuredmedia":[{"embeddable":true,"href":"https:\/\/diarionews.com.br\/index.php?rest_route=\/wp\/v2\/media\/4824"}],"wp:attachment":[{"href":"https:\/\/diarionews.com.br\/index.php?rest_route=%2Fwp%2Fv2%2Fmedia&parent=4823"}],"wp:term":[{"taxonomy":"category","embeddable":true,"href":"https:\/\/diarionews.com.br\/index.php?rest_route=%2Fwp%2Fv2%2Fcategories&post=4823"},{"taxonomy":"post_tag","embeddable":true,"href":"https:\/\/diarionews.com.br\/index.php?rest_route=%2Fwp%2Fv2%2Ftags&post=4823"}],"curies":[{"name":"wp","href":"https:\/\/api.w.org\/{rel}","templated":true}]}}