{"id":4806,"date":"2026-02-17T12:31:47","date_gmt":"2026-02-17T16:31:47","guid":{"rendered":"https:\/\/diarionews.com.br\/?p=4806"},"modified":"2026-04-01T15:35:36","modified_gmt":"2026-04-01T19:35:36","slug":"carla-perez-pede-desculpas-apos-polemica-de-racismo-no-carnaval-de-salvador","status":"publish","type":"post","link":"https:\/\/diarionews.com.br\/?p=4806","title":{"rendered":"Carla Perez pede desculpas ap\u00f3s pol\u00eamica de racismo no Carnaval de Salvador"},"content":{"rendered":"\n<p>A dan\u00e7arina e apresentadora Carla Perez se tornou alvo de uma forte pol\u00eamica nas redes sociais ap\u00f3s a viraliza\u00e7\u00e3o de um v\u00eddeo gravado durante o Carnaval de Salvador, na Bahia, no \u00faltimo domingo. Nas imagens, ela aparece sendo erguida nos ombros de um seguran\u00e7a negro enquanto participava da despedida do seu tradicional bloco infantil, Pipoca\/Algod\u00e3o Doce, gesto que foi interpretado por internautas como uma representa\u00e7\u00e3o de s\u00edmbolos de desigualdade racial.<\/p>\n\n\n\n<p>A repercuss\u00e3o foi intensa e rapidamente gerou cr\u00edticas nas plataformas digitais, com muitos usu\u00e1rios apontando que a cena carregava significados ligados a hierarquias raciais hist\u00f3ricas no Brasil. Coment\u00e1rios nas redes sociais ressaltaram a sensibilidade do tema e o impacto visual da imagem, que acabou se espalhando rapidamente entre foli\u00f5es e cr\u00edticos culturais.<\/p>\n\n\n\n<p>Nesta segunda\u2011feira, Carla Perez publicou uma nota em suas redes sociais reconhecendo o erro e pedindo desculpas a quem se sentiu ofendido pela cena. Ela afirmou que a inten\u00e7\u00e3o, ao subir nos ombros do seguran\u00e7a, foi simplesmente conseguir mais proximidade com as crian\u00e7as que acompanhavam o bloco, devido \u00e0 sua estatura, mas admitiu que a imagem final foi inadequada.<\/p>\n\n\n\n<p>Em seu pronunciamento, a artista reconheceu que a atitude acabou reproduzindo simbolismos que remetem a desigualdades sociais no pa\u00eds e que \u201cnada justifica\u201d o epis\u00f3dio, mesmo que a inten\u00e7\u00e3o n\u00e3o tenha sido ofensiva. Carla tamb\u00e9m reafirmou seu compromisso em combater pr\u00e1ticas que reforcem discrimina\u00e7\u00f5es e enfatizou a import\u00e2ncia hist\u00f3rica do Carnaval de Salvador como uma festa cultural fortemente marcada pela participa\u00e7\u00e3o e protagonismo de pessoas negras.<\/p>\n\n\n\n<p>O epis\u00f3dio reacendeu debates sobre representatividade e racismo estrutural no Carnaval, sendo tratado n\u00e3o apenas como uma pol\u00eamica isolada, mas como um exemplo de como imagens podem refletir discursos sociais complexos e sens\u00edveis, especialmente em uma festa que tem profundo significado cultural para comunidades negras no Brasil.<\/p>\n","protected":false},"excerpt":{"rendered":"<p>A dan\u00e7arina e apresentadora Carla Perez se tornou alvo de uma forte pol\u00eamica nas redes sociais ap\u00f3s a viraliza\u00e7\u00e3o de um v\u00eddeo gravado durante o Carnaval de Salvador, na Bahia, no \u00faltimo domingo. Nas imagens, ela aparece sendo erguida nos ombros de um seguran\u00e7a negro enquanto participava da despedida do seu tradicional bloco infantil, Pipoca\/Algod\u00e3o [&hellip;]<\/p>\n","protected":false},"author":3,"featured_media":4807,"comment_status":"open","ping_status":"open","sticky":false,"template":"","format":"standard","meta":{"footnotes":""},"categories":[12,8],"tags":[],"class_list":["post-4806","post","type-post","status-publish","format-standard","has-post-thumbnail","hentry","category-nacionais","category-cultura"],"_links":{"self":[{"href":"https:\/\/diarionews.com.br\/index.php?rest_route=\/wp\/v2\/posts\/4806","targetHints":{"allow":["GET"]}}],"collection":[{"href":"https:\/\/diarionews.com.br\/index.php?rest_route=\/wp\/v2\/posts"}],"about":[{"href":"https:\/\/diarionews.com.br\/index.php?rest_route=\/wp\/v2\/types\/post"}],"author":[{"embeddable":true,"href":"https:\/\/diarionews.com.br\/index.php?rest_route=\/wp\/v2\/users\/3"}],"replies":[{"embeddable":true,"href":"https:\/\/diarionews.com.br\/index.php?rest_route=%2Fwp%2Fv2%2Fcomments&post=4806"}],"version-history":[{"count":1,"href":"https:\/\/diarionews.com.br\/index.php?rest_route=\/wp\/v2\/posts\/4806\/revisions"}],"predecessor-version":[{"id":4808,"href":"https:\/\/diarionews.com.br\/index.php?rest_route=\/wp\/v2\/posts\/4806\/revisions\/4808"}],"wp:featuredmedia":[{"embeddable":true,"href":"https:\/\/diarionews.com.br\/index.php?rest_route=\/wp\/v2\/media\/4807"}],"wp:attachment":[{"href":"https:\/\/diarionews.com.br\/index.php?rest_route=%2Fwp%2Fv2%2Fmedia&parent=4806"}],"wp:term":[{"taxonomy":"category","embeddable":true,"href":"https:\/\/diarionews.com.br\/index.php?rest_route=%2Fwp%2Fv2%2Fcategories&post=4806"},{"taxonomy":"post_tag","embeddable":true,"href":"https:\/\/diarionews.com.br\/index.php?rest_route=%2Fwp%2Fv2%2Ftags&post=4806"}],"curies":[{"name":"wp","href":"https:\/\/api.w.org\/{rel}","templated":true}]}}