{"id":4800,"date":"2026-02-17T12:22:26","date_gmt":"2026-02-17T16:22:26","guid":{"rendered":"https:\/\/diarionews.com.br\/?p=4800"},"modified":"2026-04-01T15:35:45","modified_gmt":"2026-04-01T19:35:45","slug":"franca-investiga-danone-e-nestle-por-possivel-contaminacao-de-formula-infantil","status":"publish","type":"post","link":"https:\/\/diarionews.com.br\/?p=4800","title":{"rendered":"Fran\u00e7a investiga Danone e Nestl\u00e9 por poss\u00edvel contamina\u00e7\u00e3o de f\u00f3rmula infantil"},"content":{"rendered":"\n<p>As autoridades francesas abriram uma investiga\u00e7\u00e3o formal contra os grupos Danone e Nestl\u00e9, al\u00e9m de outras fabricantes, ap\u00f3s uma s\u00e9rie de recalls globais de f\u00f3rmulas infantis possivelmente contaminadas por uma toxina perigosa, anunciou o Minist\u00e9rio P\u00fablico de Paris nesta semana. A apura\u00e7\u00e3o ocorre num contexto de preocupa\u00e7\u00e3o internacional com a seguran\u00e7a de produtos destinados a beb\u00eas e crian\u00e7as pequenas.<\/p>\n\n\n\n<p>As investiga\u00e7\u00f5es buscam determinar se houve engano sobre mercadorias que representam risco \u00e0 sa\u00fade humana, segundo o \u00f3rg\u00e3o judicial, que abriu inqu\u00e9ritos contra cinco fabricantes, incluindo Danone, Nestl\u00e9 e o grupo franc\u00eas Lactalis, al\u00e9m das marcas Babybio e La Marque en Moins. O caso foi desencadeado por uma s\u00e9rie de reclama\u00e7\u00f5es e pela detec\u00e7\u00e3o de tra\u00e7os de uma toxina chamada cereulide em f\u00f3rmulas infantis distribu\u00eddas em mais de 60 pa\u00edses, incluindo lotes amplamente utilizados.<\/p>\n\n\n\n<p>A toxina \u00e9 resistente ao calor e pode causar sintomas em crian\u00e7as como n\u00e1useas, v\u00f4mitos e diarreia, de acordo com especialistas em seguran\u00e7a alimentar. Os produtos envolvidos foram recolhidos de mercados na Europa e em outras regi\u00f5es em medidas preventivas desde dezembro do ano passado, ap\u00f3s a detec\u00e7\u00e3o de cereulide em ingredientes usados pelos fabricantes. Autoridades europeias tamb\u00e9m estabeleceram recentemente um n\u00edvel m\u00e1ximo aceit\u00e1vel para essa toxina em alimentos infantis, o que levou a novos recalls.<\/p>\n\n\n\n<p>Paralelamente \u00e0 investiga\u00e7\u00e3o criminal, as autoridades de sa\u00fade francesa est\u00e3o analisando casos de mortes de beb\u00eas que consumiram f\u00f3rmulas afetadas pelos recalls, embora at\u00e9 o momento n\u00e3o tenha sido comprovado um v\u00ednculo direto entre os \u00f3bitos e os produtos contaminados. O desdobramento dessa apura\u00e7\u00e3o judicial e as respostas das empresas envolvidas devem influenciar diretamente a confian\u00e7a dos consumidores e as pr\u00e1ticas de seguran\u00e7a alimentar global nos pr\u00f3ximos meses.<\/p>\n","protected":false},"excerpt":{"rendered":"<p>As autoridades francesas abriram uma investiga\u00e7\u00e3o formal contra os grupos Danone e Nestl\u00e9, al\u00e9m de outras fabricantes, ap\u00f3s uma s\u00e9rie de recalls globais de f\u00f3rmulas infantis possivelmente contaminadas por uma toxina perigosa, anunciou o Minist\u00e9rio P\u00fablico de Paris nesta semana. A apura\u00e7\u00e3o ocorre num contexto de preocupa\u00e7\u00e3o internacional com a seguran\u00e7a de produtos destinados a [&hellip;]<\/p>\n","protected":false},"author":3,"featured_media":4801,"comment_status":"open","ping_status":"open","sticky":false,"template":"","format":"standard","meta":{"footnotes":""},"categories":[11],"tags":[],"class_list":["post-4800","post","type-post","status-publish","format-standard","has-post-thumbnail","hentry","category-mundo"],"_links":{"self":[{"href":"https:\/\/diarionews.com.br\/index.php?rest_route=\/wp\/v2\/posts\/4800","targetHints":{"allow":["GET"]}}],"collection":[{"href":"https:\/\/diarionews.com.br\/index.php?rest_route=\/wp\/v2\/posts"}],"about":[{"href":"https:\/\/diarionews.com.br\/index.php?rest_route=\/wp\/v2\/types\/post"}],"author":[{"embeddable":true,"href":"https:\/\/diarionews.com.br\/index.php?rest_route=\/wp\/v2\/users\/3"}],"replies":[{"embeddable":true,"href":"https:\/\/diarionews.com.br\/index.php?rest_route=%2Fwp%2Fv2%2Fcomments&post=4800"}],"version-history":[{"count":1,"href":"https:\/\/diarionews.com.br\/index.php?rest_route=\/wp\/v2\/posts\/4800\/revisions"}],"predecessor-version":[{"id":4802,"href":"https:\/\/diarionews.com.br\/index.php?rest_route=\/wp\/v2\/posts\/4800\/revisions\/4802"}],"wp:featuredmedia":[{"embeddable":true,"href":"https:\/\/diarionews.com.br\/index.php?rest_route=\/wp\/v2\/media\/4801"}],"wp:attachment":[{"href":"https:\/\/diarionews.com.br\/index.php?rest_route=%2Fwp%2Fv2%2Fmedia&parent=4800"}],"wp:term":[{"taxonomy":"category","embeddable":true,"href":"https:\/\/diarionews.com.br\/index.php?rest_route=%2Fwp%2Fv2%2Fcategories&post=4800"},{"taxonomy":"post_tag","embeddable":true,"href":"https:\/\/diarionews.com.br\/index.php?rest_route=%2Fwp%2Fv2%2Ftags&post=4800"}],"curies":[{"name":"wp","href":"https:\/\/api.w.org\/{rel}","templated":true}]}}