{"id":4781,"date":"2026-02-17T12:03:21","date_gmt":"2026-02-17T16:03:21","guid":{"rendered":"https:\/\/diarionews.com.br\/?p=4781"},"modified":"2026-04-01T15:36:35","modified_gmt":"2026-04-01T19:36:35","slug":"felino-raro-ameacado-de-extincao-e-flagrado-em-santa-catarina","status":"publish","type":"post","link":"https:\/\/diarionews.com.br\/?p=4781","title":{"rendered":"Felino raro amea\u00e7ado de extin\u00e7\u00e3o \u00e9 flagrado em Santa Catarina"},"content":{"rendered":"\n<p>Um felino considerado amea\u00e7ado de extin\u00e7\u00e3o foi flagrado em v\u00eddeo no litoral de Santa Catarina, surpreendendo moradores e bi\u00f3logos da regi\u00e3o. O registro aconteceu em Jaragu\u00e1 do Sul, onde o animal, conhecido como bugio-vermelho, foi capturado pr\u00f3ximo a uma cerca residencial, em um flagrante que refor\u00e7a a presen\u00e7a da esp\u00e9cie em \u00e1reas urbanas.<\/p>\n\n\n\n<p>O bugio-vermelho, primata nativo das matas brasileiras, \u00e9 listado entre as esp\u00e9cies amea\u00e7adas na Mata Atl\u00e2ntica, um dos biomas mais impactados pelo desmatamento e pela urbaniza\u00e7\u00e3o. Entusiastas da conserva\u00e7\u00e3o destacam que avistamentos como esse podem indicar algum n\u00edvel de adapta\u00e7\u00e3o, mas tamb\u00e9m exp\u00f5em os riscos que esses animais enfrentam ao se aproximarem de \u00e1reas humanas.<\/p>\n\n\n\n<p>Segundo especialistas ouvidos pela reportagem, v\u00eddeos como esse s\u00e3o ferramentas importantes para monitorar a presen\u00e7a de fauna silvestre e compreender melhor os h\u00e1bitos de esp\u00e9cies vulner\u00e1veis. Eles ressaltam que o contato visual direto com primatas em bairros residenciais pode ser perigoso tanto para os animais quanto para os moradores, e recomendam manter dist\u00e2ncia e comunicar autoridades ambientais quando ocorr\u00eancias semelhantes forem observadas.<\/p>\n\n\n\n<p>O flagra do bugio-vermelho em Santa Catarina ocorre em um contexto mais amplo de aten\u00e7\u00e3o \u00e0 vida selvagem na regi\u00e3o Sul, onde outros registros de animais silvestres em \u00e1reas urbanas t\u00eam circulado nas redes sociais. A rea\u00e7\u00e3o da popula\u00e7\u00e3o diante dessas imagens tem variado entre encantamento e preocupa\u00e7\u00e3o com a conserva\u00e7\u00e3o e o bem-estar dos animais.<\/p>\n","protected":false},"excerpt":{"rendered":"<p>Um felino considerado amea\u00e7ado de extin\u00e7\u00e3o foi flagrado em v\u00eddeo no litoral de Santa Catarina, surpreendendo moradores e bi\u00f3logos da regi\u00e3o. O registro aconteceu em Jaragu\u00e1 do Sul, onde o animal, conhecido como bugio-vermelho, foi capturado pr\u00f3ximo a uma cerca residencial, em um flagrante que refor\u00e7a a presen\u00e7a da esp\u00e9cie em \u00e1reas urbanas. O bugio-vermelho, [&hellip;]<\/p>\n","protected":false},"author":3,"featured_media":4782,"comment_status":"open","ping_status":"open","sticky":false,"template":"","format":"standard","meta":{"footnotes":""},"categories":[22,12],"tags":[1349,303,1350,1351],"class_list":["post-4781","post","type-post","status-publish","format-standard","has-post-thumbnail","hentry","category-meio-ambiente","category-nacionais","tag-bugio","tag-meioambiente","tag-natureza","tag-sc"],"_links":{"self":[{"href":"https:\/\/diarionews.com.br\/index.php?rest_route=\/wp\/v2\/posts\/4781","targetHints":{"allow":["GET"]}}],"collection":[{"href":"https:\/\/diarionews.com.br\/index.php?rest_route=\/wp\/v2\/posts"}],"about":[{"href":"https:\/\/diarionews.com.br\/index.php?rest_route=\/wp\/v2\/types\/post"}],"author":[{"embeddable":true,"href":"https:\/\/diarionews.com.br\/index.php?rest_route=\/wp\/v2\/users\/3"}],"replies":[{"embeddable":true,"href":"https:\/\/diarionews.com.br\/index.php?rest_route=%2Fwp%2Fv2%2Fcomments&post=4781"}],"version-history":[{"count":1,"href":"https:\/\/diarionews.com.br\/index.php?rest_route=\/wp\/v2\/posts\/4781\/revisions"}],"predecessor-version":[{"id":4783,"href":"https:\/\/diarionews.com.br\/index.php?rest_route=\/wp\/v2\/posts\/4781\/revisions\/4783"}],"wp:featuredmedia":[{"embeddable":true,"href":"https:\/\/diarionews.com.br\/index.php?rest_route=\/wp\/v2\/media\/4782"}],"wp:attachment":[{"href":"https:\/\/diarionews.com.br\/index.php?rest_route=%2Fwp%2Fv2%2Fmedia&parent=4781"}],"wp:term":[{"taxonomy":"category","embeddable":true,"href":"https:\/\/diarionews.com.br\/index.php?rest_route=%2Fwp%2Fv2%2Fcategories&post=4781"},{"taxonomy":"post_tag","embeddable":true,"href":"https:\/\/diarionews.com.br\/index.php?rest_route=%2Fwp%2Fv2%2Ftags&post=4781"}],"curies":[{"name":"wp","href":"https:\/\/api.w.org\/{rel}","templated":true}]}}