{"id":4768,"date":"2026-02-17T11:26:00","date_gmt":"2026-02-17T15:26:00","guid":{"rendered":"https:\/\/diarionews.com.br\/?p=4768"},"modified":"2026-04-01T15:36:26","modified_gmt":"2026-04-01T19:36:26","slug":"corinthians-conhece-data-e-horario-das-quartas-de-final-do-paulistao","status":"publish","type":"post","link":"https:\/\/diarionews.com.br\/?p=4768","title":{"rendered":"Corinthians conhece data e hor\u00e1rio das quartas de final do Paulist\u00e3o"},"content":{"rendered":"\n<p>O Corinthians j\u00e1 sabe quando e onde ir\u00e1 disputar sua partida pelas quartas de final do Campeonato Paulista 2026, ap\u00f3s garantir vaga no mata-mata ao terminar a fase de grupos entre os melhores colocados. A Federa\u00e7\u00e3o Paulista de Futebol divulgou, nesta segunda-feira, a tabela completa dos confrontos com datas e hor\u00e1rios definidos para o fim de semana que vem.<\/p>\n\n\n\n<p>O duelo entre Corinthians e Portuguesa est\u00e1 marcado para o domingo, dia 22 de fevereiro, \u00e0s 20:30h (hor\u00e1rio de Bras\u00edlia) 19:30h\/MT, no est\u00e1dio do Canind\u00e9, em S\u00e3o Paulo. O confronto ser\u00e1 realizado em jogo \u00fanico, seguindo o formato de quartas de final adotado pela competi\u00e7\u00e3o, em que em caso de empate o classificado ser\u00e1 conhecido ap\u00f3s disputa de p\u00eanaltis.<\/p>\n\n\n\n<p>Al\u00e9m da partida do Tim\u00e3o, outros confrontos tamb\u00e9m foram confirmados pela Federa\u00e7\u00e3o Paulista de Futebol. No s\u00e1bado, dia 21 de fevereiro, o Red Bull Bragantino enfrenta o S\u00e3o Paulo \u00e0s 18:30h (17:30h\/MT), enquanto o Palmeiras encara o Capivariano \u00e0s 20:30h (19:30h\/MT). No domingo \u00e0 tarde, \u00e0s 16h (15h\/MT), Novorizontino e Santos jogam em Novo Horizonte, tamb\u00e9m pelas quartas de final do estadual.<\/p>\n\n\n\n<p>A fase de quartas de final marca o in\u00edcio do mata-mata no Paulist\u00e3o 2026, com todos os jogos disputados em partida \u00fanica e mando de campo para os clubes que tiveram melhor campanha na fase inicial. O Corinthians busca manter o t\u00edtulo conquistado na \u00faltima temporada e avan\u00e7ar rumo \u00e0s semifinais.<\/p>\n","protected":false},"excerpt":{"rendered":"<p>O Corinthians j\u00e1 sabe quando e onde ir\u00e1 disputar sua partida pelas quartas de final do Campeonato Paulista 2026, ap\u00f3s garantir vaga no mata-mata ao terminar a fase de grupos entre os melhores colocados. A Federa\u00e7\u00e3o Paulista de Futebol divulgou, nesta segunda-feira, a tabela completa dos confrontos com datas e hor\u00e1rios definidos para o fim [&hellip;]<\/p>\n","protected":false},"author":3,"featured_media":4769,"comment_status":"open","ping_status":"open","sticky":false,"template":"","format":"standard","meta":{"footnotes":""},"categories":[13],"tags":[957,956,485,1261,1340,669],"class_list":["post-4768","post","type-post","status-publish","format-standard","has-post-thumbnail","hentry","category-esportes","tag-corinthians","tag-importante","tag-palmeiras","tag-paulista","tag-santos","tag-sao-paulo"],"_links":{"self":[{"href":"https:\/\/diarionews.com.br\/index.php?rest_route=\/wp\/v2\/posts\/4768","targetHints":{"allow":["GET"]}}],"collection":[{"href":"https:\/\/diarionews.com.br\/index.php?rest_route=\/wp\/v2\/posts"}],"about":[{"href":"https:\/\/diarionews.com.br\/index.php?rest_route=\/wp\/v2\/types\/post"}],"author":[{"embeddable":true,"href":"https:\/\/diarionews.com.br\/index.php?rest_route=\/wp\/v2\/users\/3"}],"replies":[{"embeddable":true,"href":"https:\/\/diarionews.com.br\/index.php?rest_route=%2Fwp%2Fv2%2Fcomments&post=4768"}],"version-history":[{"count":1,"href":"https:\/\/diarionews.com.br\/index.php?rest_route=\/wp\/v2\/posts\/4768\/revisions"}],"predecessor-version":[{"id":4770,"href":"https:\/\/diarionews.com.br\/index.php?rest_route=\/wp\/v2\/posts\/4768\/revisions\/4770"}],"wp:featuredmedia":[{"embeddable":true,"href":"https:\/\/diarionews.com.br\/index.php?rest_route=\/wp\/v2\/media\/4769"}],"wp:attachment":[{"href":"https:\/\/diarionews.com.br\/index.php?rest_route=%2Fwp%2Fv2%2Fmedia&parent=4768"}],"wp:term":[{"taxonomy":"category","embeddable":true,"href":"https:\/\/diarionews.com.br\/index.php?rest_route=%2Fwp%2Fv2%2Fcategories&post=4768"},{"taxonomy":"post_tag","embeddable":true,"href":"https:\/\/diarionews.com.br\/index.php?rest_route=%2Fwp%2Fv2%2Ftags&post=4768"}],"curies":[{"name":"wp","href":"https:\/\/api.w.org\/{rel}","templated":true}]}}